{"id":200551,"date":"2021-01-09T16:48:13","date_gmt":"2021-01-09T15:48:13","guid":{"rendered":"https:\/\/www.cronacaonline.it\/?p=200551"},"modified":"2021-01-09T16:48:15","modified_gmt":"2021-01-09T15:48:15","slug":"covid-in-arrivo-dpcm-lunedi-vertice-tra-governo-e-regioni","status":"publish","type":"post","link":"https:\/\/www.cronacaonline.it\/index.php\/2021\/01\/09\/covid-in-arrivo-dpcm-lunedi-vertice-tra-governo-e-regioni\/","title":{"rendered":"Covid, in arrivo Dpcm. Luned\u00ec vertice tra governo e regioni."},"content":{"rendered":"\n<p>Roma, 9 Gen 2021 - Arriver\u00e0 venerd\u00ec prossimo, 15 gennaio il nuovo Dpcm con le misure anti pandemiche: \u00e8 prevista la conferma delle attuali misure mentre si stanno valutando nuove restrizioni, anche se al momento non sembrerebbero essere gi\u00e0 state definite le nuove misure.<\/p>\n\n\n\n<p>E intanto il ministro per gli Affari Regionali, Boccia ha convocato per luned\u00ec mattina una riunione con Regioni, Anci e Upi con all'ordine del giorno le misure per il nuovo Dpcm. All'incontro, in programma alle 10.30, parteciper\u00e0 in video conferenza anche il ministro della Salute Roberto Speranza.<\/p>\n\n\n\n<p>Secondo quanto si apprende da fonti dell'esecutivo, in testo del nuovo Dpcm conterr\u00e0 non solo lo stop tra regioni (il cosiddetto indice di rischio 'giallo rafforzato) e l'abbassamento della soglia dell'Rt per determinare il posizionamento nelle fasce, ma anche la rivalutazione dell'incidenza settimanale dei casi.<\/p>\n\n\n\n<p>L'ipotesi ora al vaglio delle regioni, che sar\u00e0 poi discussa in un incontro con il governo, prevede che in caso di incidenza superiore a 250 ogni 100mila abitanti scatti la zona rossa.<\/p>\n\n\n\n<p>La valutazione avanzata dall'Istituto superiore di Sanit\u00e0 \u00e8 stata condivisa anche dal Cts e ora, filtra, \u00e8 al vaglio delle Regioni. Proprio su questo potrebbe infatti vertere l'incontro tra l'esecutivo e i governatori che si dovrebbe tenere a inizio settimana.&nbsp; La nuova indicazione, in base al monitoraggio di questa settimana, si rileva, avrebbe infatti portato il Veneto automaticamente in zona rossa avendo, secondo i dati di ieri, un'incidenza a sette giorni di 454,31 casi per 100mila abitanti.<\/p>\n\n\n\n<p>Il governo sta anche valutando la proroga dello stato di emergenza in scadenza a fine gennaio. Non sarebbe ancora tuttavia definita, secondo quanto apprende l'Ansa, la durata della nuova proroga.<\/p>\n","protected":false},"excerpt":{"rendered":"<p>Roma, 9 Gen 2021 &#8211; Arriver\u00e0 venerd\u00ec prossimo, 15 gennaio il nuovo Dpcm con le misure anti pandemiche: \u00e8 prevista la conferma delle attuali misure&#8230;<\/p>\n","protected":false},"author":2,"featured_media":198199,"comment_status":"closed","ping_status":"open","sticky":false,"template":"","format":"standard","meta":[],"categories":[49,51],"tags":[],"_links":{"self":[{"href":"https:\/\/www.cronacaonline.it\/index.php\/wp-json\/wp\/v2\/posts\/200551"}],"collection":[{"href":"https:\/\/www.cronacaonline.it\/index.php\/wp-json\/wp\/v2\/posts"}],"about":[{"href":"https:\/\/www.cronacaonline.it\/index.php\/wp-json\/wp\/v2\/types\/post"}],"author":[{"embeddable":true,"href":"https:\/\/www.cronacaonline.it\/index.php\/wp-json\/wp\/v2\/users\/2"}],"replies":[{"embeddable":true,"href":"https:\/\/www.cronacaonline.it\/index.php\/wp-json\/wp\/v2\/comments?post=200551"}],"version-history":[{"count":1,"href":"https:\/\/www.cronacaonline.it\/index.php\/wp-json\/wp\/v2\/posts\/200551\/revisions"}],"predecessor-version":[{"id":200552,"href":"https:\/\/www.cronacaonline.it\/index.php\/wp-json\/wp\/v2\/posts\/200551\/revisions\/200552"}],"wp:featuredmedia":[{"embeddable":true,"href":"https:\/\/www.cronacaonline.it\/index.php\/wp-json\/wp\/v2\/media\/198199"}],"wp:attachment":[{"href":"https:\/\/www.cronacaonline.it\/index.php\/wp-json\/wp\/v2\/media?parent=200551"}],"wp:term":[{"taxonomy":"category","embeddable":true,"href":"https:\/\/www.cronacaonline.it\/index.php\/wp-json\/wp\/v2\/categories?post=200551"},{"taxonomy":"post_tag","embeddable":true,"href":"https:\/\/www.cronacaonline.it\/index.php\/wp-json\/wp\/v2\/tags?post=200551"}],"curies":[{"name":"wp","href":"https:\/\/api.w.org\/{rel}","templated":true}]}}