{"id":200324,"date":"2021-01-03T17:42:26","date_gmt":"2021-01-03T16:42:26","guid":{"rendered":"https:\/\/www.cronacaonline.it\/?p=200324"},"modified":"2021-01-03T17:42:28","modified_gmt":"2021-01-03T16:42:28","slug":"covid-conte-incontra-capidelegazione-stop-spostamenti-regioni-il-7-15-il-9-10-weekend-arancione","status":"publish","type":"post","link":"https:\/\/www.cronacaonline.it\/index.php\/2021\/01\/03\/covid-conte-incontra-capidelegazione-stop-spostamenti-regioni-il-7-15-il-9-10-weekend-arancione\/","title":{"rendered":"Covid, Conte incontra capidelegazione. Stop spostamenti regioni il 7-15. Il 9-10 weekend arancione."},"content":{"rendered":"\n<p>Roma, 3 Gen 2021 - Stamane la riunione tra il presidente del Consiglio Giuseppe Conte, il ministro per gli Affari regionali Francesco Boccia e i capi delegazione dei partiti di governo, Pd, M5s, Iv e Leu.\u00a0Sul tavolo la situazione dell'epidemia da Covid-19, vista anche la scadenza, il 7 gennaio, delle misure messe in campo in occasione delle festivit\u00e0.<\/p>\n\n\n\n<p>Nel fine settimana del 9 e 10 gennaio in tutta Italia saranno in vigore le misure previste per la zona arancione: tra queste, le chiusure di bar e ristoranti anche a pranzo, ma aperti solo per la vendita da asporto.<\/p>\n\n\n\n<p>Dal 7 gennaio e fino al 15, data di scadenza dell'ultimo Dpcm, viene consentito lo spostamento tra le regioni solo per ragioni di necessit\u00e0. Sono queste alcune delle ipotesi emerse nel vertice tra il premier Conte, i capidelegazione di maggioranza, il ministro Francesco Boccia e membri del Comitato tecnico scientifico.<\/p>\n\n\n\n<p>Proroga del divieto di ospitare a casa pi\u00f9 di due parenti o amici, minori di 14 anni esclusi. \u00c8 una delle ipotesi emersa durante il vertice. La misura, gi\u00e0 prevista nel decreto natalizio in scadenza il 6 gennaio, sarebbe prorogata fino al 15 del mese.<\/p>\n\n\n\n<p>Preoccupazione per i ritardi nelle vaccinazioni, in particolare per la Lombardia, \u00e8 stata espressa nel corso del vertice. Lo&nbsp;apprende l'Ansa al termine della riunione.<\/p>\n\n\n\n<p>Soglia Rt necessaria per far scattare la fascia arancione 'rivista' a 1, invece dell'attuale 1,25. E abbassamento anche di quella necessaria per far scattare la zona rossa: con Rt a 1,25 invece dell'attuale 1,50. \u00c8 questa una delle ipotesi, secondo quanto si apprende, emerse durante il vertice.<\/p>\n\n\n\n<p>Al vertice con il presidente del Consiglio ha partecipato anche il ministro per la Salute, Roberto Speranza, in collegamento. Poi l'incontro tra Speranza, con il CTS e i membri della cabina di regia per il monitoraggio regionale.<\/p>\n\n\n\n<p>La didattica delle scuole deve ripartire dal 7 gennaio. \u00c8 quanto avrebbe detto il premier Giuseppe Conte, secondo quanto appreso dall'Ansa, nel corso del vertice con i capidelegazione della maggioranza, il ministro per gli Affari regionali Francesco Boccia e membri del CTS.<\/p>\n","protected":false},"excerpt":{"rendered":"<p>Roma, 3 Gen 2021 &#8211; Stamane la riunione tra il presidente del Consiglio Giuseppe Conte, il ministro per gli Affari regionali Francesco Boccia e i&#8230;<\/p>\n","protected":false},"author":2,"featured_media":188638,"comment_status":"closed","ping_status":"open","sticky":false,"template":"","format":"standard","meta":[],"categories":[49,51],"tags":[],"_links":{"self":[{"href":"https:\/\/www.cronacaonline.it\/index.php\/wp-json\/wp\/v2\/posts\/200324"}],"collection":[{"href":"https:\/\/www.cronacaonline.it\/index.php\/wp-json\/wp\/v2\/posts"}],"about":[{"href":"https:\/\/www.cronacaonline.it\/index.php\/wp-json\/wp\/v2\/types\/post"}],"author":[{"embeddable":true,"href":"https:\/\/www.cronacaonline.it\/index.php\/wp-json\/wp\/v2\/users\/2"}],"replies":[{"embeddable":true,"href":"https:\/\/www.cronacaonline.it\/index.php\/wp-json\/wp\/v2\/comments?post=200324"}],"version-history":[{"count":1,"href":"https:\/\/www.cronacaonline.it\/index.php\/wp-json\/wp\/v2\/posts\/200324\/revisions"}],"predecessor-version":[{"id":200325,"href":"https:\/\/www.cronacaonline.it\/index.php\/wp-json\/wp\/v2\/posts\/200324\/revisions\/200325"}],"wp:featuredmedia":[{"embeddable":true,"href":"https:\/\/www.cronacaonline.it\/index.php\/wp-json\/wp\/v2\/media\/188638"}],"wp:attachment":[{"href":"https:\/\/www.cronacaonline.it\/index.php\/wp-json\/wp\/v2\/media?parent=200324"}],"wp:term":[{"taxonomy":"category","embeddable":true,"href":"https:\/\/www.cronacaonline.it\/index.php\/wp-json\/wp\/v2\/categories?post=200324"},{"taxonomy":"post_tag","embeddable":true,"href":"https:\/\/www.cronacaonline.it\/index.php\/wp-json\/wp\/v2\/tags?post=200324"}],"curies":[{"name":"wp","href":"https:\/\/api.w.org\/{rel}","templated":true}]}}