{"id":200303,"date":"2021-01-03T10:07:08","date_gmt":"2021-01-03T09:07:08","guid":{"rendered":"https:\/\/www.cronacaonline.it\/?p=200303"},"modified":"2021-01-03T10:07:10","modified_gmt":"2021-01-03T09:07:10","slug":"coronavirus-sale-il-tasso-di-positivita-e-possibili-zone-rosse-dopo-il-7-gennaio-riaperture-a-rischio-allarme-per-la-scuola","status":"publish","type":"post","link":"https:\/\/www.cronacaonline.it\/index.php\/2021\/01\/03\/coronavirus-sale-il-tasso-di-positivita-e-possibili-zone-rosse-dopo-il-7-gennaio-riaperture-a-rischio-allarme-per-la-scuola\/","title":{"rendered":"Coronavirus, sale il tasso di positivit\u00e0 e possibili zone rosse dopo il 7 gennaio: riaperture a rischio, allarme per la scuola."},"content":{"rendered":"\n<p>Roma, 3 Gen 2020 - Dal 7 gennaio, con la fine delle regole anti-Covid previste dall'ultimo decreto, l'Italia dovrebbe tornare al sistema diversificato di colori (zona rossa, arancione e gialla) in base a contagi e dati. Ma proprio i numeri dell'ultimo bollettino diramato ieri dal ministero della Salute rischiano di frenare la ripartenza. Se infatti il numero dei nuovi contagi \u00e8 calato sensibilmente rispetto al giorno prima, con 11.831 nuovi contagi, il tasso di positivit\u00e0 - il rapporto dei positivi in base ai tamponi effettuati (67.174) -\u00a0 ha subito un\u2019impennata salendo fino al 17,6%. Numeri che fanno ipotizzare una nuova stretta: il governo infatti potrebbe decidere di prorogare alcune restrizioni, almeno fino alla scadenza del Dpcm previsto per il 15 gennaio.<\/p>\n\n\n\n<p>Crescono di pari passo le perplessit\u00e0 sul fronte della riapertura delle scuole: anche se l'avvio della didattica in presenza al 50% negli istituti resta al momento fissato al 7 gennaio, tra i governatori ci sono ancora molti dubbi. Tanto da spingere il presidente della Conferenza delle Regioni, Stefano Bonaccini, a rimettere in discussione quella data: \"Credo sarebbe giusto che il governo nelle prossime ore ci riconvocasse e insieme prendessimo una decisione, in maniera molto laica\", dice.<\/p>\n\n\n\n<p>Gli effetti del Dpcm del 24 ottobre - secondo diversi esperti - sono ormai esauriti e in tutta Italia la curva dell'epidemia sta tornando a salire, tanto che le stime elaborate dallo statistico Livio Fenga indicano circa 600 mila casi complessivi a fine gennaio, contro i circa 577 mila attuali. E sono almeno 14 le regioni in cui le stime indicano una ripresa dei contagi a partire dal Veneto. Dall'indagine emerge una tendenza all'aumento nelle province autonome di Trento e Bolzano, in Veneto, Emilia Romagna, Lazio, Marche e Umbria. Per il matematico del Cnr, Giovanni Sebastiani, la speranza \u00e8 che \"la ripresa sia mitigata dagli effetti delle misure introdotte alla vigilia Natale, delle quali si potranno vedere gli effetti nella seconda settimana di gennaio\". Secondo l'esperto \"sarebbe prudente vedere l'andamento dei dati e soltanto dopo decidere se riaprire le scuole\".<\/p>\n\n\n\n<p>In vista di un nuovo decreto che superer\u00e0 l'ultimo Dpcm in scadenza il 15, si guarda inoltre a cosa succeder\u00e0 nelle prossime settimane: il ministro della Salute, Roberto Speranza, ha firmato l'ordinanza con cui si differisce la riapertura degli impianti sciistici al 18 gennaio. \"Ora si pu\u00f2 finalmente ripartire in sicurezza\", commentano soddisfatti gli assessori con delega allo sci delle Regioni e Province autonome dell'arco alpino e dell'Abruzzo. E qualche spiraglio si apre sulle palestre con la proposta della coordinatrice dello Sport delle Regioni, Tiziana Gibelli, che ipotizza la ripartenza dal 15 gennaio sotto la garanzia di regole rigide.<\/p>\n\n\n\n<p>La collocazione dei territori nelle varie zone - gialla, arancione o rossa - sar\u00e0 invece decisa gi\u00e0 in seguito al monitoraggio che arriver\u00e0 nella prima met\u00e0 della prossima settimana. A rischiare la zona rossa per ora sono soprattutto Veneto, Liguria e Calabria, ma anche Puglia, Basilicata e Lombardia. Altri indicatori d'allerta riguardano Friuli Venezia Giulia, Valle d'Aosta, Piemonte, Provincia autonoma di Trento ed Emilia Romagna, che hanno una probabilit\u00e0 superiore del 50% di superare la soglia critica di occupazione dei posti letto in area medica in 30 giorni, mentre per Lombardia, Trento e Veneto lo stesso discorso vale per le terapie intensive. Incerta la situazione della Sardegna, mentre fonti di governo fanno sapere che dal 7 l'Abruzzo torner\u00e0 in zona gialla.<\/p>\n","protected":false},"excerpt":{"rendered":"<p>Roma, 3 Gen 2020 &#8211; Dal 7 gennaio, con la fine delle regole anti-Covid previste dall&#8217;ultimo decreto, l&#8217;Italia dovrebbe tornare al sistema diversificato di colori&#8230;<\/p>\n","protected":false},"author":2,"featured_media":199622,"comment_status":"closed","ping_status":"open","sticky":false,"template":"","format":"standard","meta":[],"categories":[49,51],"tags":[],"_links":{"self":[{"href":"https:\/\/www.cronacaonline.it\/index.php\/wp-json\/wp\/v2\/posts\/200303"}],"collection":[{"href":"https:\/\/www.cronacaonline.it\/index.php\/wp-json\/wp\/v2\/posts"}],"about":[{"href":"https:\/\/www.cronacaonline.it\/index.php\/wp-json\/wp\/v2\/types\/post"}],"author":[{"embeddable":true,"href":"https:\/\/www.cronacaonline.it\/index.php\/wp-json\/wp\/v2\/users\/2"}],"replies":[{"embeddable":true,"href":"https:\/\/www.cronacaonline.it\/index.php\/wp-json\/wp\/v2\/comments?post=200303"}],"version-history":[{"count":1,"href":"https:\/\/www.cronacaonline.it\/index.php\/wp-json\/wp\/v2\/posts\/200303\/revisions"}],"predecessor-version":[{"id":200304,"href":"https:\/\/www.cronacaonline.it\/index.php\/wp-json\/wp\/v2\/posts\/200303\/revisions\/200304"}],"wp:featuredmedia":[{"embeddable":true,"href":"https:\/\/www.cronacaonline.it\/index.php\/wp-json\/wp\/v2\/media\/199622"}],"wp:attachment":[{"href":"https:\/\/www.cronacaonline.it\/index.php\/wp-json\/wp\/v2\/media?parent=200303"}],"wp:term":[{"taxonomy":"category","embeddable":true,"href":"https:\/\/www.cronacaonline.it\/index.php\/wp-json\/wp\/v2\/categories?post=200303"},{"taxonomy":"post_tag","embeddable":true,"href":"https:\/\/www.cronacaonline.it\/index.php\/wp-json\/wp\/v2\/tags?post=200303"}],"curies":[{"name":"wp","href":"https:\/\/api.w.org\/{rel}","templated":true}]}}