{"id":200093,"date":"2020-12-29T12:29:46","date_gmt":"2020-12-29T11:29:46","guid":{"rendered":"https:\/\/www.cronacaonline.it\/?p=200093"},"modified":"2020-12-29T12:29:48","modified_gmt":"2020-12-29T11:29:48","slug":"spadafora-entro-gennaio-riapertura-palestre-e-piscine-ma-dobbiamo-prima-valutare-andamento-contagi","status":"publish","type":"post","link":"https:\/\/www.cronacaonline.it\/index.php\/2020\/12\/29\/spadafora-entro-gennaio-riapertura-palestre-e-piscine-ma-dobbiamo-prima-valutare-andamento-contagi\/","title":{"rendered":"Spadafora, entro gennaio riapertura palestre e piscine, ma dobbiamo prima valutare andamento contagi."},"content":{"rendered":"\n<p>Roma, 29 Dic 2020 - \"Penso sia possibile, seppur con alcune limitazioni, riaprire palestre, piscine e centri di danza entro la fine di gennaio\": lo ha detto il ministro dello sport Vincenzo Spadafora,\u00a0intervenuto stamattina al programma di Raitre Agor\u00e0. Il ministro ha aggiunto che si dovr\u00e0 tenere conto dell'andamento dei contagi, \"ma l'apertura a fine gennaio \u00e8 un obbiettivo raggiungibile\".<\/p>\n\n\n\n<p>\"Vorrei lanciare un segnale di tranquillit\u00e0\" Ha detto il ministro sottolineando che il governo \"sta lavorando con il cts su questo.&nbsp;Prima della chiusura di ottobre avevamo predisposto un protocollo anche molto rigido e dato un fondo perduto consistente, non pochi spiccioli, per far coprire le spese fatte per mettersi in regola. Ma l'apertura a fine gennaio \u00e8 un obbiettivo raggiungibile.<\/p>\n\n\n\n<p>Spadafora ha annunciato che riproporr\u00e0 al consiglio dei ministri l'approvazione del decreto sulla governance dello sport, che non era stato approvato nelle scorse settimane.<\/p>\n\n\n\n<p>In vista delle Olimpiadi \"tutto il mondo dello sport deve essere coinvolto\" nell'operazione vaccino anti Covid, ha aggiunto il ministro. Rispondendo alla domanda se secondo lui andrebbero vaccinati obbligatoriamente gli atleti che andranno, o si presume, potrebbero partecipare ai Giochi di Tokyo, il ministro ha risposto: \"tutto questo mondo deve essere di esempio e pu\u00f2 farlo per prepararsi a questa grande competizione. Sono convinto che vada coinvolto da tutti i punti di vista\".<\/p>\n\n\n\n<p>In materia di ristori, Spadafora ha annunciato per gennaio un nuovo decreto, il quinto. Per il settore sciistico sar\u00e0 \"sostanzioso perch\u00e9 sicuramente saremo costretti a tenere ancora chiuse le attivit\u00e0, ma non stiamo abbandonando nessuno. La verit\u00e0 \u00e8 che non siamo ancora usciti dalla crisi e dovremo farlo in contemporanea con la diffusione dei vaccini, entro gennaio\".<\/p>\n","protected":false},"excerpt":{"rendered":"<p>Roma, 29 Dic 2020 &#8211; &#8220;Penso sia possibile, seppur con alcune limitazioni, riaprire palestre, piscine e centri di danza entro la fine di gennaio&#8221;: lo&#8230;<\/p>\n","protected":false},"author":2,"featured_media":175378,"comment_status":"closed","ping_status":"open","sticky":false,"template":"","format":"standard","meta":[],"categories":[49,51],"tags":[],"_links":{"self":[{"href":"https:\/\/www.cronacaonline.it\/index.php\/wp-json\/wp\/v2\/posts\/200093"}],"collection":[{"href":"https:\/\/www.cronacaonline.it\/index.php\/wp-json\/wp\/v2\/posts"}],"about":[{"href":"https:\/\/www.cronacaonline.it\/index.php\/wp-json\/wp\/v2\/types\/post"}],"author":[{"embeddable":true,"href":"https:\/\/www.cronacaonline.it\/index.php\/wp-json\/wp\/v2\/users\/2"}],"replies":[{"embeddable":true,"href":"https:\/\/www.cronacaonline.it\/index.php\/wp-json\/wp\/v2\/comments?post=200093"}],"version-history":[{"count":1,"href":"https:\/\/www.cronacaonline.it\/index.php\/wp-json\/wp\/v2\/posts\/200093\/revisions"}],"predecessor-version":[{"id":200094,"href":"https:\/\/www.cronacaonline.it\/index.php\/wp-json\/wp\/v2\/posts\/200093\/revisions\/200094"}],"wp:featuredmedia":[{"embeddable":true,"href":"https:\/\/www.cronacaonline.it\/index.php\/wp-json\/wp\/v2\/media\/175378"}],"wp:attachment":[{"href":"https:\/\/www.cronacaonline.it\/index.php\/wp-json\/wp\/v2\/media?parent=200093"}],"wp:term":[{"taxonomy":"category","embeddable":true,"href":"https:\/\/www.cronacaonline.it\/index.php\/wp-json\/wp\/v2\/categories?post=200093"},{"taxonomy":"post_tag","embeddable":true,"href":"https:\/\/www.cronacaonline.it\/index.php\/wp-json\/wp\/v2\/tags?post=200093"}],"curies":[{"name":"wp","href":"https:\/\/api.w.org\/{rel}","templated":true}]}}