{"id":200075,"date":"2020-12-29T08:40:38","date_gmt":"2020-12-29T07:40:38","guid":{"rendered":"https:\/\/www.cronacaonline.it\/?p=200075"},"modified":"2020-12-29T08:40:40","modified_gmt":"2020-12-29T07:40:40","slug":"eccone-un-altro-ma-una-voce-univoca-nel-governo-il-viceministro-della-salute-pierpaolo-sileri-senza-adesione-si-va-verso-obbligatorieta-del-vaccino","status":"publish","type":"post","link":"https:\/\/www.cronacaonline.it\/index.php\/2020\/12\/29\/eccone-un-altro-ma-una-voce-univoca-nel-governo-il-viceministro-della-salute-pierpaolo-sileri-senza-adesione-si-va-verso-obbligatorieta-del-vaccino\/","title":{"rendered":"Eccone un altro. Ma una voce univoca nel Governo. Il Viceministro della Salute Pierpaolo Sileri: senza adesione si va verso obbligatoriet\u00e0 del vaccino."},"content":{"rendered":"\n<p>Roma, 29 Dic 2020 - \"Non illudiamoci di uscirne in poche settimane. Per sconfiggere il Covid ci sar\u00e0 bisogno di un'adesione massiccia al vaccino\". Cos\u00ec in un'intervista a 'La Stampa' il viceministro della Salute Pierpaolo Sileri. Rispetto ai dubbi del personale sanitario \"metterei in dubbio la qualit\u00e0 del nostro sistema formativo. Avere dei no vax tra i medici equivale a un fallimento. Al momento - prosegue - non \u00e8 prevista alcuna obbligatoriet\u00e0. Se nei prossimi mesi la campagna non dovesse raggiungere i 2\/3 della popolazione, allora si dovrebbero prendere delle contromisure. Tra queste, c'\u00e8 l'obbligatoriet\u00e0. Ma non \u00e8 un problema attuale. Sono fiducioso\".\u00a0<\/p>\n\n\n\n<p>Come si spiega che la Germania abbia ottenuto pi\u00f9 dosi? \"Va fatta luce, se c'\u00e8 stato un errore nella distribuzione. Comunque, ci sono delle percentuali settimanali destinate a ogni Paese e queste verranno rispettate\". Ad aprile arriveremo a 13milioni di dosi \"se tutto va bene. Devono ancora essere approvati i vaccini e ci sono tempi che si potrebbero allungare. Non mi stupirei se questi calcoli venissero corretti strada facendo\". Basta il bando per 15 mila operatori? \"Sono sufficienti. Poi, quando arriveranno gli altri vaccini, dovremo mettere in campo anche altre figure. In bilancio \u00e8 previsto un coinvolgimento dei farmacisti, ma anche gli odontoiatri vanno presi in considerazione. Anche a loro dovremmo garantire la vaccinazione\".&nbsp;&nbsp; Siamo al sicuro dalla terza ondata? \"Temo di no. Il vaccino, che ha un'efficacia accertata a un mese dalla prima dose, nulla potr\u00e0 sulla probabilissima recrudescenza che vedremo nei prossimi giorni\". Riaperture? \"Se in una regione la curva \u00e8 sotto controllo da settimane, non vedo perch\u00e9 non si debba iniziare a parlare di una graduale riapertura. Compreso l'allungamento progressivo degli orari di bar e ristoranti e l'apertura dei centri commerciali la domenica\".<\/p>\n\n\n\n<p>Di avviso diverso il coordinatore del Cts Agostino Miozzo. Per lui, infatti il vaccino anti Covid deve essere obbligatorio per alcune categorie: \"Medici, infermieri, personale sanitario: il vaccino anti Covid deve essere obbligatorio. Lo stesso deve valere per chi lavora nelle Residenze sanitarie, dobbiamo difendere gli anziani. L'obbligo - dice ancora - deve valere non solo per chi assiste gli ospiti, ma pure per chi entra a fare le pulizie. Io andrei anche oltre. Penso a tutte le strutture pubbliche, alle scuole, a chi lavora a contatto con molte persone. La via maestra \u00e8 quella del convincimento. Ma in un ospedale non ci devono essere tentennamenti: se vuoi lavorare, devi vaccinarti. &nbsp;Rendere obbligatorio il vaccino per tutti, da subito, pu\u00f2 essere controproducente, rischi di alimentare l'irrazionalit\u00e0 no-vax. Devo dire che questi strumenti di sensibilizzazione e informazione ancora non li vedo. Prevale nella narrazione collettiva il dubbio. Va anche detto che nel prossimo futuro sar\u00e0 obbligatorio essere vaccinati per viaggiare, si va verso il passaporto sanitario. In fondo, gi\u00e0 oggi in alcuni Paesi non entri se non hai determinate vaccinazioni, dove sarebbe lo scandalo?\"<\/p>\n\n\n\n<p>Come Cts avete consigliato di vaccinare le alte cariche dello Stato? Dovremmo proteggere chi ci governa? \"Non ci hanno posto quesiti sulle vaccinazioni. La mia opinione, per\u00f2, \u00e8 che bisognerebbe vaccinare e proteggere chi ricopre incarichi di responsabilit\u00e0\". Impennata dopo le feste? \"Gravi violazioni delle misure di contenimento non si sono viste. Certo, potremmo pagare la concomitanza del contagio dell'influenza\".<\/p>\n","protected":false},"excerpt":{"rendered":"<p>Roma, 29 Dic 2020 &#8211; &#8220;Non illudiamoci di uscirne in poche settimane. Per sconfiggere il Covid ci sar\u00e0 bisogno di un&#8217;adesione massiccia al vaccino&#8221;. Cos\u00ec&#8230;<\/p>\n","protected":false},"author":2,"featured_media":199740,"comment_status":"closed","ping_status":"open","sticky":false,"template":"","format":"standard","meta":[],"categories":[49,51],"tags":[],"_links":{"self":[{"href":"https:\/\/www.cronacaonline.it\/index.php\/wp-json\/wp\/v2\/posts\/200075"}],"collection":[{"href":"https:\/\/www.cronacaonline.it\/index.php\/wp-json\/wp\/v2\/posts"}],"about":[{"href":"https:\/\/www.cronacaonline.it\/index.php\/wp-json\/wp\/v2\/types\/post"}],"author":[{"embeddable":true,"href":"https:\/\/www.cronacaonline.it\/index.php\/wp-json\/wp\/v2\/users\/2"}],"replies":[{"embeddable":true,"href":"https:\/\/www.cronacaonline.it\/index.php\/wp-json\/wp\/v2\/comments?post=200075"}],"version-history":[{"count":1,"href":"https:\/\/www.cronacaonline.it\/index.php\/wp-json\/wp\/v2\/posts\/200075\/revisions"}],"predecessor-version":[{"id":200076,"href":"https:\/\/www.cronacaonline.it\/index.php\/wp-json\/wp\/v2\/posts\/200075\/revisions\/200076"}],"wp:featuredmedia":[{"embeddable":true,"href":"https:\/\/www.cronacaonline.it\/index.php\/wp-json\/wp\/v2\/media\/199740"}],"wp:attachment":[{"href":"https:\/\/www.cronacaonline.it\/index.php\/wp-json\/wp\/v2\/media?parent=200075"}],"wp:term":[{"taxonomy":"category","embeddable":true,"href":"https:\/\/www.cronacaonline.it\/index.php\/wp-json\/wp\/v2\/categories?post=200075"},{"taxonomy":"post_tag","embeddable":true,"href":"https:\/\/www.cronacaonline.it\/index.php\/wp-json\/wp\/v2\/tags?post=200075"}],"curies":[{"name":"wp","href":"https:\/\/api.w.org\/{rel}","templated":true}]}}