{"id":200004,"date":"2020-12-28T07:38:24","date_gmt":"2020-12-28T06:38:24","guid":{"rendered":"https:\/\/www.cronacaonline.it\/?p=200004"},"modified":"2020-12-28T07:38:26","modified_gmt":"2020-12-28T06:38:26","slug":"manovra-economica-la-camera-approva-298-si-125-no-e-8-astenuti","status":"publish","type":"post","link":"https:\/\/www.cronacaonline.it\/index.php\/2020\/12\/28\/manovra-economica-la-camera-approva-298-si-125-no-e-8-astenuti\/","title":{"rendered":"Manovra economica, la Camera approva. 298 s\u00ec, 125 no e 8 astenuti."},"content":{"rendered":"\n<p>Roma, 28 Dic 2020 - In tempi rapidissimi la Manovra arriver\u00e0 a palazzo Madama per il via libero definitivo,\u00a0gi\u00e0 \u00e8 noto che il governo porr\u00e0 la questione di fiducia. Un solo voto con il quale il provvedimento potr\u00e0 diventare legge scongiurando l'ipotesi che il Paese entri in esercizio provvisorio.<\/p>\n\n\n\n<p>La conta dei numeri a disposizione sul pallottoliere avverr\u00e0, in vista dell'esame d'Aula, con ogni probabilit\u00e0 oggi, ma secondo fonti parlamentari la maggioranza non corre rischi e la Manovra dovrebbe avere il via libero definitivo il 30 dicembre. A Montecitorio sulla fiducia i voti favorevoli erano stati 314, quelli contrari 230 dopo che si era abbattuta sul testo la scure della Ragioneria a fronte di 80 emendamenti approvati in commissione. Ieri sera \u00e8 arrivato il secondo disco verde sul testo: 298 i s\u00ec e 125 i no, otto gli astenuti.<\/p>\n\n\n\n<p>Incassata la legge di Bilancio, per il governo Conte-bis si apre una fase critica, i primi giorni di gennaio potrebbero essere quelli in cui Matteo Renzi ha annunciato da tempo: questo governo Conte \u00e8 finito se non cambia profondamente. E i tempi della pre-crisi si intrecciano con quelli del piano di recupero (recovery plan).<\/p>\n\n\n\n<p>Gi\u00e0 a partire dalle prossime ore la definizione del piano entrer\u00e0 nel vivo con i partiti di maggioranza che presenteranno i rispettivi pacchetti di proposte al capo del governo. Ma \u00e8 sulle osservazioni di Iv che la tensione torner\u00e0 ad alzarsi. Oggi pomeriggio \u00e8 prevista una conferenza stampa di Matteo Renzi in cui ribadir\u00e0 il suo no alla fondazione per la sicurezza informatica no allo spezzettamento dei progetti, no alla nomina di Fabrizio Barca a commissario per il Piano di Recupero.<\/p>\n\n\n\n<p>Ed \u00e8 proprio la questione della struttura che dovr\u00e0 controllare l\u2019attuazione dei progetti, dopo la bocciatura della proposta iniziale del Presidente del Consiglio di sei super manager e trecento consulenti, a restare totalmente aperta.<\/p>\n\n\n\n<p>Solo dopo aver sciolto questi nodi il premier potr\u00e0 riconvocare la maggioranza e quindi il Consiglio dei Ministri per il via libera alla bozza del recovery plan dovrebbe slittare alla prima settimana del 2021. Una bozza destinata a cambiare sensibilmente, non solo negli obiettivi ma anche nei saldi, con un prevedibile rafforzamento di risorse sulla sanit\u00e0 ed \u00e8 quindi probabile che possa essere inviato a Bruxelles non prima dell\u2019Epifania.<\/p>\n","protected":false},"excerpt":{"rendered":"<p>Roma, 28 Dic 2020 &#8211; In tempi rapidissimi la Manovra arriver\u00e0 a palazzo Madama per il via libero definitivo,\u00a0gi\u00e0 \u00e8 noto che il governo porr\u00e0&#8230;<\/p>\n","protected":false},"author":2,"featured_media":179448,"comment_status":"closed","ping_status":"open","sticky":false,"template":"","format":"standard","meta":[],"categories":[49,51],"tags":[],"_links":{"self":[{"href":"https:\/\/www.cronacaonline.it\/index.php\/wp-json\/wp\/v2\/posts\/200004"}],"collection":[{"href":"https:\/\/www.cronacaonline.it\/index.php\/wp-json\/wp\/v2\/posts"}],"about":[{"href":"https:\/\/www.cronacaonline.it\/index.php\/wp-json\/wp\/v2\/types\/post"}],"author":[{"embeddable":true,"href":"https:\/\/www.cronacaonline.it\/index.php\/wp-json\/wp\/v2\/users\/2"}],"replies":[{"embeddable":true,"href":"https:\/\/www.cronacaonline.it\/index.php\/wp-json\/wp\/v2\/comments?post=200004"}],"version-history":[{"count":1,"href":"https:\/\/www.cronacaonline.it\/index.php\/wp-json\/wp\/v2\/posts\/200004\/revisions"}],"predecessor-version":[{"id":200005,"href":"https:\/\/www.cronacaonline.it\/index.php\/wp-json\/wp\/v2\/posts\/200004\/revisions\/200005"}],"wp:featuredmedia":[{"embeddable":true,"href":"https:\/\/www.cronacaonline.it\/index.php\/wp-json\/wp\/v2\/media\/179448"}],"wp:attachment":[{"href":"https:\/\/www.cronacaonline.it\/index.php\/wp-json\/wp\/v2\/media?parent=200004"}],"wp:term":[{"taxonomy":"category","embeddable":true,"href":"https:\/\/www.cronacaonline.it\/index.php\/wp-json\/wp\/v2\/categories?post=200004"},{"taxonomy":"post_tag","embeddable":true,"href":"https:\/\/www.cronacaonline.it\/index.php\/wp-json\/wp\/v2\/tags?post=200004"}],"curies":[{"name":"wp","href":"https:\/\/api.w.org\/{rel}","templated":true}]}}