{"id":199916,"date":"2020-12-23T16:43:10","date_gmt":"2020-12-23T15:43:10","guid":{"rendered":"https:\/\/www.cronacaonline.it\/?p=199916"},"modified":"2020-12-23T16:43:12","modified_gmt":"2020-12-23T15:43:12","slug":"recovery-conte-non-indugiare-oltre-sintesi-dopo-natale-crisi-non-e-nelle-mie-mani","status":"publish","type":"post","link":"https:\/\/www.cronacaonline.it\/index.php\/2020\/12\/23\/recovery-conte-non-indugiare-oltre-sintesi-dopo-natale-crisi-non-e-nelle-mie-mani\/","title":{"rendered":"Recovery. Conte: &#8220;Non indugiare oltre, sintesi dopo Natale. Crisi? Non \u00e8 nelle mie mani&#8221;."},"content":{"rendered":"\n<p>Roma, 23 Dic 2020 - \"Non possiamo permetterci di ritardare.\u00a0Per questo ho invitato tutte le delegazioni di maggioranza ad\u00a0affrettare l'esame della documentazione e ritrovarci gi\u00e0 tra\u00a0Santo Stefano e\u00a0Capodanno per trovare la necessaria sintesi.\u00a0Dobbiamo andare avanti e non dobbiamo indugiare oltre. Ora\u00a0dobbiamo correre e ci deve essere la sintesi finale\". Lo dice Giuseppe Conte nel corso dell'intervista a Porta a Porta\u00a0che andr\u00e0 in onda questa sera. \"Avremo migliaia e migliaia di cantieri,\u00a0pensare che non ci sia una struttura di monitoraggio che dialoga con\u00a0le strutture, che monitori e coordini tutto questo, \u00e8 impensabile.\u00a0<\/p>\n\n\n\n<p>L'Europa vuole un soggetto responsabile, io non voglio, per questo&nbsp;abbiamo previsto i ministri di spesa responsabili\", ha proseguito il&nbsp;premier che poi, sulla questione&nbsp;dei manager, ha spiegato: \"Se ci sono&nbsp;proposte migliorative ci si siede attorno a un tavolo nell'interesse&nbsp;del Paese e per la massima funzionalit\u00e0. Ma una cosa deve essere&nbsp;chiara a tutti, abbiamo una capacita amministrativa di spendere&nbsp;risorse&nbsp;pubbliche molto modesta, tanti fondi li perdiamo, non&nbsp;riusciamo investirli\". \"Negli incontri fatti in maggioranza\" sul Piano di recupero \"abbiamo discusso dei finanziamenti per la Salute. Nove miliardi? Molti&nbsp;progetti sono trasversali\" sottolinea ancora il presidente spiegando che ci sono almeno \"15-16 miliardi di&nbsp;partenza\" dedicati alla sanit\u00e0 \"e io sono disponibile a rinforzare anche gli&nbsp;investimenti\".<\/p>\n\n\n\n<p>Il Mes? \"Se attivarlo o meno \u00e8 prerogativa del&nbsp;Parlamento. I 36 miliardi ci porterebbero ad&nbsp;accumulare deficit, quindi&nbsp;ricadrebbero sul debito pubblico. Se noi li intendessimo come spese aggiuntive&nbsp;per la sanit\u00e0 lasceremmo un fardello non da poco alle prossime generazioni\" sottolinea&nbsp;Conte. \"Possiamo fare tutto i&nbsp;discorsi del mondo ma teniamo conto del quadro di finanza pubblica.&nbsp; Non possiamo&nbsp;lasciare un debito fuori controllo alle generazioni future\", spiega il premier.<\/p>\n\n\n\n<p>\"Non dico che aria di crisi non c'\u00e8 stata. Dico&nbsp;semplicemente che la crisi non \u00e8 nelle mie mani. In questi giorni ho parlato&nbsp;poco ma ho sempre chiarito che si va avanti se c'\u00e8 la fiducia di ciascuna forza&nbsp;che sin qui ha sostenuto la maggioranza. Non una fiducia astratta e collettiva,&nbsp;ma di tutte le forze\" spiega il Presidente del Consiglio. E aggiunge: \"Ho dimostrato in mille occasioni che sono qui a lavorare per&nbsp;l'interesse del Paese. Mi siedo attorno al tavolo su tutto, a me interessa&nbsp;trovare soluzione ma qualsiasi altra soluzione che non sia nell'interesse del&nbsp;Paese non mi interessa\".&nbsp;\"Se le forze politiche mi chiedono il&nbsp;rinnovamento della squadra si valuta. Io fatto un incontro e tutti&nbsp;hanno detto che non c'\u00e8 questa necessita, se ci sar\u00e0 la valuteremo&nbsp;insieme\" conclude.<\/p>\n\n\n\n<p>La delega sui Servizi? \"C'\u00e8 un equivoco. Sembrerebbe&nbsp;che il presidente del Consiglio si sia appropriato di questi poteri. La legge&nbsp;attribuisce al presidente del Consiglio, come in altri Paesi, la responsabilit\u00e0&nbsp;giuridica, operativa e politica per quanto riguarda l'Intelligence\" spiega poi Conte riferendosi&nbsp;alla 'querelle' nella maggioranza sul tema della delega dei&nbsp;Servizi. \"Comunque&nbsp;io, anche avvalendomi di una mera facolt\u00e0 di nominare una autorit\u00e0 delegata,&nbsp;non mi potrei sottrarre a questa responsabilit\u00e0\", precisa. \"Leggo che varie forze&nbsp;politiche vorrebbero avere\" questa delega. \"Avverto che&nbsp;in passato - osserva ancora Conte - l'autorit\u00e0 delegata \u00e8 stata sempre dello&nbsp;stesso partito del presidente del Consiglio. \u00c8 una persona di fiducia del&nbsp;presidente del Consiglio. Se vogliamo costituire, sarebbe una anomalia in&nbsp;Italia, una struttura bicefala, dove c'\u00e8 una forza politica che pretende&nbsp;e&nbsp;rivendica un'autorit\u00e0 delegata sarebbe una grave compromissione&nbsp;dell'operativit\u00e0 dell'intero comparto. Io sono disponibile a discutere di tutto&nbsp;ma nel segno della funzionalit\u00e0&nbsp;degli interessi generali e non delle singole&nbsp;parti delle forze di maggioranza\", conclude Conte.<\/p>\n\n\n\n<p>\"Riprendere la didattica in presenza nelle scuole&nbsp;secondarie superiori, in presenza, \u00e8 il nostro obiettivo, anche se non al&nbsp;100%\" spiega il presidente del Consiglio. \"La ripresa della scuola \u00e8 stata una sfida che non abbiamo assolutamente&nbsp;trascurato\", aggiunge. \"Io ho raccomandato perch\u00e9 ci sia un\u2019apertura&nbsp;differenziata citt\u00e0 per citt\u00e0, paese per paese\u201d,&nbsp;aggiunge. \u201cDobbiamo&nbsp;ripristinare la didattica in presenza almeno al 50%\", spiega il premier.<\/p>\n\n\n\n<p>\"Quando leggiamo le proposte, \u00e8 tutta da discutere.&nbsp;Io stesso mi riservo di fare proposte di modifica. \u00c8 una bozza di lavoro su cui&nbsp;trovare una sintesi. Ci sono attualmente delle poste che non soddisfano completamente anche me, sul turismo dobbiamo certamente fare di pi\u00f9,&nbsp;considerando che alcune misure di sostegno al reddito prevedono aiuti per il&nbsp;comparto\" spiega Conte.<\/p>\n","protected":false},"excerpt":{"rendered":"<p>Roma, 23 Dic 2020 &#8211; &#8220;Non possiamo permetterci di ritardare.\u00a0Per questo ho invitato tutte le delegazioni di maggioranza ad\u00a0affrettare l&#8217;esame della documentazione e ritrovarci gi\u00e0&#8230;<\/p>\n","protected":false},"author":2,"featured_media":194441,"comment_status":"closed","ping_status":"open","sticky":false,"template":"","format":"standard","meta":[],"categories":[49,51],"tags":[],"_links":{"self":[{"href":"https:\/\/www.cronacaonline.it\/index.php\/wp-json\/wp\/v2\/posts\/199916"}],"collection":[{"href":"https:\/\/www.cronacaonline.it\/index.php\/wp-json\/wp\/v2\/posts"}],"about":[{"href":"https:\/\/www.cronacaonline.it\/index.php\/wp-json\/wp\/v2\/types\/post"}],"author":[{"embeddable":true,"href":"https:\/\/www.cronacaonline.it\/index.php\/wp-json\/wp\/v2\/users\/2"}],"replies":[{"embeddable":true,"href":"https:\/\/www.cronacaonline.it\/index.php\/wp-json\/wp\/v2\/comments?post=199916"}],"version-history":[{"count":1,"href":"https:\/\/www.cronacaonline.it\/index.php\/wp-json\/wp\/v2\/posts\/199916\/revisions"}],"predecessor-version":[{"id":199917,"href":"https:\/\/www.cronacaonline.it\/index.php\/wp-json\/wp\/v2\/posts\/199916\/revisions\/199917"}],"wp:featuredmedia":[{"embeddable":true,"href":"https:\/\/www.cronacaonline.it\/index.php\/wp-json\/wp\/v2\/media\/194441"}],"wp:attachment":[{"href":"https:\/\/www.cronacaonline.it\/index.php\/wp-json\/wp\/v2\/media?parent=199916"}],"wp:term":[{"taxonomy":"category","embeddable":true,"href":"https:\/\/www.cronacaonline.it\/index.php\/wp-json\/wp\/v2\/categories?post=199916"},{"taxonomy":"post_tag","embeddable":true,"href":"https:\/\/www.cronacaonline.it\/index.php\/wp-json\/wp\/v2\/tags?post=199916"}],"curies":[{"name":"wp","href":"https:\/\/api.w.org\/{rel}","templated":true}]}}