{"id":199613,"date":"2020-12-18T17:35:50","date_gmt":"2020-12-18T16:35:50","guid":{"rendered":"https:\/\/www.cronacaonline.it\/?p=199613"},"modified":"2020-12-18T17:35:52","modified_gmt":"2020-12-18T16:35:52","slug":"coronavirus-italiani-costretti-in-casa-per-natale-stretta-nella-zona-rossa-dal-24-al-6-festivi-e-prefestivi","status":"publish","type":"post","link":"https:\/\/www.cronacaonline.it\/index.php\/2020\/12\/18\/coronavirus-italiani-costretti-in-casa-per-natale-stretta-nella-zona-rossa-dal-24-al-6-festivi-e-prefestivi\/","title":{"rendered":"Coronavirus, italiani costretti in casa per Natale: stretta nella zona rossa dal 24 al 6 festivi e prefestivi."},"content":{"rendered":"\n<p>Roma, 18 Dic 2020 - Dal 24 dicembre al 6 gennaio l'Italia sar\u00e0 zona rossa nei giorni festivi e prefestivi e zona arancione nei giorni lavorativi. \u00c8 l'orientamento che emerge, a quanto si apprende da fonti di governo, dal vertice del premier Giuseppe Conte con i capi delegazione di maggioranza e il ministro Boccia.<\/p>\n\n\n\n<p>Sembrerebbe approvato il lasciapassare per due non conviventi&nbsp;nei giorni 'rossi' - potranno muoversi solo per visite a parenti stretti, con autocertificazione al seguito - cos\u00ec come il via libera a 'non conteggiare' gli under 14 se al seguito dei genitori mentre si&nbsp;muovono per una visita ai nonni o a parenti stretti.<\/p>\n\n\n\n<p>Nel periodo delle festivit\u00e0 si potr\u00e0 uscire dal territorio dei piccoli Comuni sotto i 5 mila abitanti, entro un raggio di 30 chilometri. \u00c8 la decisione che il governo avrebbe comunicato alle Regioni. Non ci si potr\u00e0 per\u00f2 muovere per andare nei Comuni capoluogo, anche se si trovano entro un raggio di 30 km.<\/p>\n\n\n\n<p>\u00c8 iniziata la riunione tra il Governo, le Regioni e gli enti locali sulle misure restrittive per il periodo di Natale. L'indice RT gi\u00e0 \"questa settimana sale da 0,82 a 0,86\": \u00e8 perci\u00f2 necessario, per arginare la risalita dei contagi, disporre dal 24 dicembre al 6 gennaio la zona rossa in tutta Italia nei giorni festivi e prefestivi e la zona arancione nei giorni lavorativi. Lo avrebbe detto, a quanto si apprende da fonti presenti all'incontro, il ministro della Salute Roberto Speranza alle Regioni.<\/p>\n","protected":false},"excerpt":{"rendered":"<p>Roma, 18 Dic 2020 &#8211; Dal 24 dicembre al 6 gennaio l&#8217;Italia sar\u00e0 zona rossa nei giorni festivi e prefestivi e zona arancione nei giorni&#8230;<\/p>\n","protected":false},"author":2,"featured_media":188638,"comment_status":"closed","ping_status":"open","sticky":false,"template":"","format":"standard","meta":[],"categories":[49,51],"tags":[],"_links":{"self":[{"href":"https:\/\/www.cronacaonline.it\/index.php\/wp-json\/wp\/v2\/posts\/199613"}],"collection":[{"href":"https:\/\/www.cronacaonline.it\/index.php\/wp-json\/wp\/v2\/posts"}],"about":[{"href":"https:\/\/www.cronacaonline.it\/index.php\/wp-json\/wp\/v2\/types\/post"}],"author":[{"embeddable":true,"href":"https:\/\/www.cronacaonline.it\/index.php\/wp-json\/wp\/v2\/users\/2"}],"replies":[{"embeddable":true,"href":"https:\/\/www.cronacaonline.it\/index.php\/wp-json\/wp\/v2\/comments?post=199613"}],"version-history":[{"count":1,"href":"https:\/\/www.cronacaonline.it\/index.php\/wp-json\/wp\/v2\/posts\/199613\/revisions"}],"predecessor-version":[{"id":199614,"href":"https:\/\/www.cronacaonline.it\/index.php\/wp-json\/wp\/v2\/posts\/199613\/revisions\/199614"}],"wp:featuredmedia":[{"embeddable":true,"href":"https:\/\/www.cronacaonline.it\/index.php\/wp-json\/wp\/v2\/media\/188638"}],"wp:attachment":[{"href":"https:\/\/www.cronacaonline.it\/index.php\/wp-json\/wp\/v2\/media?parent=199613"}],"wp:term":[{"taxonomy":"category","embeddable":true,"href":"https:\/\/www.cronacaonline.it\/index.php\/wp-json\/wp\/v2\/categories?post=199613"},{"taxonomy":"post_tag","embeddable":true,"href":"https:\/\/www.cronacaonline.it\/index.php\/wp-json\/wp\/v2\/tags?post=199613"}],"curies":[{"name":"wp","href":"https:\/\/api.w.org\/{rel}","templated":true}]}}