{"id":199567,"date":"2020-12-18T07:47:38","date_gmt":"2020-12-18T06:47:38","guid":{"rendered":"https:\/\/www.cronacaonline.it\/?p=199567"},"modified":"2020-12-18T07:50:27","modified_gmt":"2020-12-18T06:50:27","slug":"oggi-nuovi-provvedimenti-restrittivi-per-natale-ieri-larroganza-di-renzi-e-renziani-davanti-a-conte-trattative-in-corso-sui-giorni-del-confinamento","status":"publish","type":"post","link":"https:\/\/www.cronacaonline.it\/index.php\/2020\/12\/18\/oggi-nuovi-provvedimenti-restrittivi-per-natale-ieri-larroganza-di-renzi-e-renziani-davanti-a-conte-trattative-in-corso-sui-giorni-del-confinamento\/","title":{"rendered":"Oggi nuovi provvedimenti restrittivi per Natale. Ieri l\u2019arroganza di Renzi e renziani davanti a Conte. Trattative in corso sui giorni del confinamento."},"content":{"rendered":"\n<p>Roma, 18 Dic 2020 \u2013 Ieri sera, \u00e8 andata in onda l\u2019arroganza, ricatti e altre pretese del fallimentare Renzi. Compresi i suoi fedeli servitori. Infatti, la serata delle pretese ricattatorie si \u00e8 svolto a palazzo Chigi che ha visto di fonte il presidente Conte e la delegazione di Iv, composta dai capigruppo Davide Faraone e Maria Elena Boschi, dalle ministre Elena Bonetti e Teresa Bellanova, dal presidente Iv, Ettore\u00a0Rosato, e da Matteo Renzi.<\/p>\n\n\n\n<p>\u201c\u00c8 stato un incontro franco e cordiale, anche in virt\u00f9 dei temi anticipati ieri dalla lettera che il senatore Matteo Renzi ha inviato al presidente del Consiglio\". E' quanto sottolineano fonti di Palazzo Chigi interpellato sull'incontro di questa sera tra Conte e la delegazione di Italia Viva.&nbsp; Fonti: Renzi ha chiesto a Conte risposte entro inizi gennaio Risposte concrete, che diano il segno di un cambio di rotta nel merito e nel metodo, entro i primi giorni di gennaio. Le avrebbe chieste Matteo Renzi al premier Giuseppe Conte, a quanto riferiscono fonti presenti all'incontro, nel corso del vertice a Palazzo Chigi.<\/p>\n\n\n\n<p>\"Abbiamo consegnato al presidente Conte il documento\" con le nostre rivendicazioni,&nbsp;ha detto la ministra Bellanova lasciando palazzo Chigi.&nbsp;Conte ha valutato il documento \"costruttivo e importante - precisa la ministra - lo approfondir\u00e0 e avremo ulteriori passaggi. Aspettiamo che il Presidente del Consiglio faccia una riflessione e ci faccia sapere se ci sono le condizioni per continuare a lavorare, dandosi un programma ulteriore\".<\/p>\n\n\n\n<p>In base a questo primo passaggio, i ministri di Italia viva, Bellanova e Bonetti, parteciperanno al Consiglio dei ministri di domani e Italia viva sosterr\u00e0 le leggi in discussione in Parlamento. Bellanova precisa: \"Stiamo lavorando in Parlamento per dare il nostro contributo a migliorare i provvedimenti. Alla Camera la legge di bilancio, al senato il dl migranti. Continueremo a partecipare al Cdm, cos\u00ec come in Parlamento stiamo sostenendo i provvedimenti\".<\/p>\n\n\n\n<p>La ministra per le Politiche agricole prosegue: \"Abbiamo ribadito al Presidente del Consiglio che i problemi a cui bisogna dare risposta non sono gli incarichi n\u00e9 nuove formule di Governo. Le questioni sono quelle del documento: quale idea di Paese, come affrontare la gravissima crisi che abbiamo di fronte a noi. Nei primi 9 mesi del 2020 ci sono state minori assunzioni per il 34%, che vanno ad aggiungersi ai troppi ragazzi e ragazze disoccupati. A marzo finisce il blocco dei licenziamenti, questo Paese rischia di avere una questione economico-sociale e problemi di ordine pubblico. Dobbiamo definire le scelte di coraggio che bisogna fare. Questo \u00e8 il punto\".<\/p>\n\n\n\n<p>La ministra fa inoltre sapere che \"al momento non \u00e8 stata convocata\" la&nbsp;riunione tra il premier Conte e i capi delegazione di maggioranza, data per possibile gi\u00e0 in serata.&nbsp;Al vaglio del vertice di maggioranza ci sar\u00e0 la possibilit\u00e0 di porre tutta l'Italia in zona rossa dalla Vigilia di Natale fino alla Befana o al 3 gennaio o, in alternativa,&nbsp;di chiudere solo nei giorni festivi e prefestivi dello stesso periodo.<\/p>\n\n\n\n<p>Nel pomeriggio si \u00e8 svolta una seduta interlocutoria della&nbsp;Conferenza Stato-Regioni tenuta in videoconferenza dal ministro Boccia. L'incontro in pratica ha rimandato alle decisioni da prendere nel vertice con i capi delegazione.<\/p>\n\n\n\n<p>Una riunione del Consiglio dei ministri \u00e8 prevista per domani alle 18. Sul tavolo potrebbe esserci anche la discussione delle nuove misure restrittive che si applicheranno nei giorni delle festivit\u00e0 natalizie se dovesse andare a buon fine l'incontro di questa sera di Conte con i capi delegazione.<\/p>\n\n\n\n<p>Le restrizioni per il periodo di&nbsp;Natale saranno accompagnate da \"da ristori certi che vareremo&nbsp;tempestivamente\". Lo ha garantito il ministro per gli Affari Regionali Francesco Boccia nel corso della riunione con Regioni, Province e Comuni.&nbsp;Il ministri riconvocher\u00e0 domani gli enti locali dopo&nbsp;l'incontro tra il premier Giuseppe Conte e i capi delegazione&nbsp;per illustrare le misure che verranno decise.<\/p>\n\n\n\n<p>\"Abbiamo avuto una riunione che&nbsp;per\u00f2 \u00e8 stata anche questa interlocutoria. Il Governo non ha&nbsp;ancora chiarito quale sar\u00e0 la proposta. Lo far\u00e0 domani tra&nbsp;mezzogiorno e le 3, quindi domani capiremo\". Lo ha spiegato il&nbsp;presidente della Regione Lombardia Attilio Fontana in merito al&nbsp;confronto di questo pomeriggio tra Regioni e Governo sulle&nbsp;ulteriori restrizioni anti-Covid nel periodo natalizio. \"Quello&nbsp;che come presidenti del centrodestra abbiamo richiesto - ha&nbsp;aggiunto Fontana - \u00e8 che ci siano certezze, che ci siano i&nbsp;ristori e che siano effettivi per tutte le categorie che&nbsp;subiranno dei danni da questa situazione\".<\/p>\n\n\n\n<p>Il governatore della Liguria, Giovanni Toti, avverte che \"se il Governo decider\u00e0 la zona rossa per tutta Italia a Natale, necessariamente ci adegueremo, per\u00f2 ritengo che sia un'ingiustizia, \u00e8 ingiusto cambiare le regole in modo ulteriormente restrittivo anche l\u00e0 dove se ne potrebbe fare a meno\".<\/p>\n\n\n\n<p>Il presidente della provincia autonoma di Trento, Maurizio Fugatti, ha invece comunicato alla sua Aula che \"i ministri hanno anticipato l'orientamento del governo, che \u00e8 quello di dichiarare zona rossa tutto il territorio nazionale a partire dalla vigilia di Natale. Fugatti ha detto anche che \"gran parte delle regioni si sono dette d'accordo e alcune hanno suggerito di anticipare di qualche giorno, senza attendere la vigilia di Natale\".<\/p>\n\n\n\n<p>Chiusura dei confini comunali dalle 14 nel periodo compreso tra il 19 dicembre e il 6 gennaio: questo il cuore dell'ordinanza anticipata dal presidente della Regione, Luca Zaia. \"Siamo arrivati a gioved\u00ec, non \u00e8 ben chiaro cosa accadr\u00e0\" a livello nazionale. \"Davanti ad una incertezza che oggi \u00e8 palpabile circa la misura a livello nazionale\" occorre \"prendere questo provvedimento\", ha spiegato il governatore. \"Il grande tema \u00e8 di regolamentare i flussi tra i territori comunali. \u00c8 una sorta di zona arancione 'ridotta' - ha detto Zaia - perch\u00e9 d\u00e0 la concessione fino alle 14\" di muoversi tra i Comuni. Zaia ha spiegato che sono poi previste deroghe agli spostamenti (dopo le 14) legati, ad esempio, a motivi di salute, di necessit\u00e0 e di lavoro. Questo provvedimento \"mantiene inalterate tutte le attivit\u00e0 produttive e commerciali. Ma dalle 14 si lavora solo con i cittadini della propria citt\u00e0\".<\/p>\n\n\n\n<p>Il governatore della Toscana, Eugenio Giani dichiara:&nbsp;\"Ritengo che le cose debbano essere fatte per gradi. Ad oggi il governo, che \u00e8&nbsp;competente, e diventa colui che non condivide con altri, lo&nbsp;abbiamo visto anche per quello che \u00e8 accaduto in questi due&nbsp;mesi, nel momento in cui va a prendere provvedimenti sia sulle&nbsp;differenziazioni di regioni, sia provvedimenti che valgono su&nbsp;tutto il territorio nazionale come quelli che si prefigurano per&nbsp;Natale, \u00e8 particolarmente attento, ha una capacit\u00e0 decisionale&nbsp;che \u00e8 propria dello stesso governo\".<\/p>\n\n\n\n<p>Il presidente del Friuli&nbsp;Venezia Giulia, Massimiliano Fedriga:&nbsp;\"Con quella posizione responsabile che abbiamo sempre tenuto&nbsp;noi Regioni abbiamo detto che se il Governo&nbsp;ritiene indispensabile procedere a nuove chiusure, a queste&nbsp;devono corrispondere dei risarcimenti, non li chiamo neanche&nbsp;ristori; risarcimenti totali per questo periodo\".&nbsp;In alternativa, ha osservato, \"molte attivit\u00e0 non riapriranno&nbsp;pi\u00f9. Avremo una platea di persone, attivit\u00e0 produttive,&nbsp;professionisti che non pagher\u00e0 pi\u00f9 le tasse perch\u00e9 non avr\u00e0 pi\u00f9&nbsp;la propria attivit\u00e0. Anche questo vuol dire saldo di finanza&nbsp;pubblica. Su questo \u00e8 necessario intervenire\".<\/p>\n\n\n\n<p>Quella del Fondo di Recupero \"\u00e8 una sfida&nbsp;decisiva per il Mezzogiorno. Se applicano le percentuali di&nbsp;distribuzione delle risorse tra Centro, Nord e Sud consumeranno&nbsp;un furto sulla pelle del Mezzogiorno di 40 miliardi di euro. Noi&nbsp;ci giochiamo il futuro di una intera generazione di giovani&nbsp;meridionali. I fondi europei sono destinati soprattutto a&nbsp;recuperare il divario tra Nord e Sud e quindi \u00e8 doppiamente&nbsp;vergognoso che il governo proponga una suddivisione con il 34% al&nbsp;Sud e il resto al Centro-Nord. Avr\u00f2 un incontro con i&nbsp;governatori delle Regioni del Sud (previsto per oggi e spostato a&nbsp;domani, ndr) e chiederemo un incontro al presidente del Consiglio&nbsp;per avere un riequilibrio\". Cos\u00ec il governatore campano, Vincenzo De&nbsp;Luca.<\/p>\n\n\n\n<p>\"Allungare l'orario dei negozi per diluire il flusso e evitare lo spostamento tra regioni e festeggiamenti, occasioni conviviali con pi\u00f9 gruppi familiari, queste sono le cose pi\u00f9 pericolose\". Lo ha detto Andrea Crisanti, direttore del laboratorio di microbiologia dell'Universit\u00e0 di Padova, a Radio 24. \"Regole da zona rossa per tutta Italia - ha aggiunto - Se il valore \u00e8 quello della salute umana e di risparmiare vite, dobbiamo cogliere l'opportunit\u00e0 del Natale per ottenere questo risultato, con le scuole chiuse e le attivit\u00e0 produttive ridotte si tratta di un'occasione unica che non compromette l'economia, con un piccolo sacrificio si pu\u00f2 raggiungere l'obiettivo\".<\/p>\n\n\n\n<p>\"Il 7 gennaio dobbiamo tornare a scuola. Sempre se saremo abbastanza prudenti durante le vacanze di Natale. La scuola deve tornare a essere un imperativo culturale sociale ed economico di questo Paese. \u00c8 vero che il rischio zero non esiste, ma a scuola c'\u00e8 un rischio controllato. Un rischio accettabile\". Lo ha detto il coordinatore del Comitato Tecnico Scientifico, Agostino Miozzo.&nbsp;\"Stiamo chiedendo qualcosa che in altre parti del mondo \u00e8 una priorit\u00e0 e che evidentemente questo Paese, culturalmente, non ha\".<\/p>\n\n\n\n<p>\"Queste ondate hanno investito due istituzioni deboli del nostro Paese: scuola e sanit\u00e0 - ha osservato il coordinatore del Cts -. Stiamo facendo una guerra con un esercito debole. Per decenni abbiamo dimenticato di investire. Ora come Comitato scientifico stiamo lottando per dire che il rischio \u00e8 esterno e non interno alla scuola\".<\/p>\n","protected":false},"excerpt":{"rendered":"<p>Roma, 18 Dic 2020 \u2013 Ieri sera, \u00e8 andata in onda l\u2019arroganza, ricatti e altre pretese del fallimentare Renzi. Compresi i suoi fedeli servitori. Infatti,&#8230;<\/p>\n","protected":false},"author":2,"featured_media":186159,"comment_status":"closed","ping_status":"open","sticky":false,"template":"","format":"standard","meta":[],"categories":[49,51],"tags":[],"_links":{"self":[{"href":"https:\/\/www.cronacaonline.it\/index.php\/wp-json\/wp\/v2\/posts\/199567"}],"collection":[{"href":"https:\/\/www.cronacaonline.it\/index.php\/wp-json\/wp\/v2\/posts"}],"about":[{"href":"https:\/\/www.cronacaonline.it\/index.php\/wp-json\/wp\/v2\/types\/post"}],"author":[{"embeddable":true,"href":"https:\/\/www.cronacaonline.it\/index.php\/wp-json\/wp\/v2\/users\/2"}],"replies":[{"embeddable":true,"href":"https:\/\/www.cronacaonline.it\/index.php\/wp-json\/wp\/v2\/comments?post=199567"}],"version-history":[{"count":2,"href":"https:\/\/www.cronacaonline.it\/index.php\/wp-json\/wp\/v2\/posts\/199567\/revisions"}],"predecessor-version":[{"id":199569,"href":"https:\/\/www.cronacaonline.it\/index.php\/wp-json\/wp\/v2\/posts\/199567\/revisions\/199569"}],"wp:featuredmedia":[{"embeddable":true,"href":"https:\/\/www.cronacaonline.it\/index.php\/wp-json\/wp\/v2\/media\/186159"}],"wp:attachment":[{"href":"https:\/\/www.cronacaonline.it\/index.php\/wp-json\/wp\/v2\/media?parent=199567"}],"wp:term":[{"taxonomy":"category","embeddable":true,"href":"https:\/\/www.cronacaonline.it\/index.php\/wp-json\/wp\/v2\/categories?post=199567"},{"taxonomy":"post_tag","embeddable":true,"href":"https:\/\/www.cronacaonline.it\/index.php\/wp-json\/wp\/v2\/tags?post=199567"}],"curies":[{"name":"wp","href":"https:\/\/api.w.org\/{rel}","templated":true}]}}