{"id":199482,"date":"2020-12-16T09:57:52","date_gmt":"2020-12-16T08:57:52","guid":{"rendered":"https:\/\/www.cronacaonline.it\/?p=199482"},"modified":"2020-12-16T09:57:54","modified_gmt":"2020-12-16T08:57:54","slug":"coronavirus-governo-valuta-nuove-restrizioni-per-natale-ipotesi-zona-rossa-nei-giorni-festivi","status":"publish","type":"post","link":"https:\/\/www.cronacaonline.it\/index.php\/2020\/12\/16\/coronavirus-governo-valuta-nuove-restrizioni-per-natale-ipotesi-zona-rossa-nei-giorni-festivi\/","title":{"rendered":"Coronavirus, governo valuta nuove restrizioni per Natale ipotesi zona rossa nei giorni festivi."},"content":{"rendered":"\n<p>Roma, 16 Dic 2020 - \u00c8 iniziato questa mattina l'incontro tra il\u00a0governo e le Regioni, convocato dal ministro per gli Affari regionali\u00a0Francesco Boccia, per chiudere il piano vaccini e confrontarsi sulle nuove misure in vista delle festivit\u00e0 di Natale. Partecipano alla riunione in videoconferenza anche il ministro della Salute Roberto Speranza, il commissario straordinario all'emergenza Coronavirus\u00a0Domenico Arcuri e il direttore della Protezione civile, Angelo Borrelli.\u00a0\"In questo momento - ha anticipato ieri il ministro Boccia - la decisione che si aspetta riguarda tre giorni, ovvero 25, 26 e 31 dicembre, tutto il resto del periodo \u00e8 gi\u00e0 sottoposto a prescrizioni molto chiare. Ritengo che dalle giornate prefestive fino al 6-7 gennaio sia pi\u00f9 utile chiudere per tutti.<\/p>\n\n\n\n<p>Vogliamo chiudere il pi\u00f9 possibile. La mia posizione e quella di Speranza sono note, vogliamo condividerle con le Regioni\".<\/p>\n\n\n\n<p>Una linea di rigore per contenere i contagi da Coronavirus, indicata anche dal comitato tecnico scientifico. Dopo l'incontro con le Regioni oggi \u00e8 prevista riunione del premier Giuseppe Conte con i capi delegazione.<\/p>\n\n\n\n<p>\"Abbiamo gi\u00e0 predisposto un piano per le festivit\u00e0 natalizie. Forse qualche ritocchino ci sar\u00e0. Alla luce dei suggerimenti del Comitato tecnico scientifico qualche misura ulteriore la introdurremo. Ci stiamo riflettendo. Dobbiamo scongiurare in ogni caso una terza ondata perch\u00e9 sarebbe molto pesante\" ha detto ieri il premier sulla possibilit\u00e0 di introdurre nuove misure durante le vacanze di Natale. \"Il sistema delle regioni colorate sta funzionando, abbiamo evitato un confinamento generalizzato come in Germania. Con misure calibrate e ben circoscritte stiamo reggendo bene questa seconda ondata\", ha osservato.<\/p>\n\n\n\n<p>Emerge intanto qualche preoccupazione nella maggioranza anche per la riapertura delle scuole il 7 gennaio. Ieri, in serata, Conte ha incontrato il ministro Speranza. Il ministro Boccia anticipa in tv che sarebbe sbagliato immaginare cenoni e feste al di fuori dei nuclei di conviventi. Mentre il presidente della Liguria Toti accusa il governo di \"gestione schizofrenica, serve rispetto per chi lavora\".<\/p>\n\n\n\n<p>'Abbiamo fornito precise indicazioni al governo, che decider\u00e0. I provvedimenti devono fare i conti con un quadro complessivo di servizi e controlli oltre che di tutela economica agli imprenditori penalizzati, che spetta agli organismi politici valutare. Di certo, nonostante la loro variegata presenza mediatica, tutti gli esperti sono concordi nell'avvertire i pericoli che l'allentamento dei comportamenti pu\u00f2 portare. Siamo in una fase delicata''. Lo dice il coordinatore del Cts Agostino Miozzo in un'intervista a 'Il Messaggero'. ''E' stato impegnativo e la discussione \u00e8 andata avanti per due giorni - racconta - Il tema, assai delicato, era come affrontare i prossimi giorni, che sono quelli che offrono tradizionalmente le maggiori e pi\u00f9 sentite occasioni di incontro e riunione nelle famiglie''.<\/p>\n\n\n\n<p>''Tutti gli esperti concordano che \u00e8 necessaria la massima prudenza nei comportamenti e che bisogna arrivare a rinunce necessarie, nonostante il periodo dell'anno spinga a cercare assembramenti e contatti - prosegue - Bisogna capire che non esiste rapporto familiare sicuro, che un tampone negativo non basta per dare sicurezza sulla contagiosit\u00e0''.<\/p>\n","protected":false},"excerpt":{"rendered":"<p>Roma, 16 Dic 2020 &#8211; \u00c8 iniziato questa mattina l&#8217;incontro tra il\u00a0governo e le Regioni, convocato dal ministro per gli Affari regionali\u00a0Francesco Boccia, per chiudere&#8230;<\/p>\n","protected":false},"author":2,"featured_media":199483,"comment_status":"closed","ping_status":"open","sticky":false,"template":"","format":"standard","meta":[],"categories":[49,51],"tags":[],"_links":{"self":[{"href":"https:\/\/www.cronacaonline.it\/index.php\/wp-json\/wp\/v2\/posts\/199482"}],"collection":[{"href":"https:\/\/www.cronacaonline.it\/index.php\/wp-json\/wp\/v2\/posts"}],"about":[{"href":"https:\/\/www.cronacaonline.it\/index.php\/wp-json\/wp\/v2\/types\/post"}],"author":[{"embeddable":true,"href":"https:\/\/www.cronacaonline.it\/index.php\/wp-json\/wp\/v2\/users\/2"}],"replies":[{"embeddable":true,"href":"https:\/\/www.cronacaonline.it\/index.php\/wp-json\/wp\/v2\/comments?post=199482"}],"version-history":[{"count":1,"href":"https:\/\/www.cronacaonline.it\/index.php\/wp-json\/wp\/v2\/posts\/199482\/revisions"}],"predecessor-version":[{"id":199484,"href":"https:\/\/www.cronacaonline.it\/index.php\/wp-json\/wp\/v2\/posts\/199482\/revisions\/199484"}],"wp:featuredmedia":[{"embeddable":true,"href":"https:\/\/www.cronacaonline.it\/index.php\/wp-json\/wp\/v2\/media\/199483"}],"wp:attachment":[{"href":"https:\/\/www.cronacaonline.it\/index.php\/wp-json\/wp\/v2\/media?parent=199482"}],"wp:term":[{"taxonomy":"category","embeddable":true,"href":"https:\/\/www.cronacaonline.it\/index.php\/wp-json\/wp\/v2\/categories?post=199482"},{"taxonomy":"post_tag","embeddable":true,"href":"https:\/\/www.cronacaonline.it\/index.php\/wp-json\/wp\/v2\/tags?post=199482"}],"curies":[{"name":"wp","href":"https:\/\/api.w.org\/{rel}","templated":true}]}}