{"id":199416,"date":"2020-12-15T09:22:39","date_gmt":"2020-12-15T08:22:39","guid":{"rendered":"https:\/\/www.cronacaonline.it\/?p=199416"},"modified":"2020-12-15T09:22:44","modified_gmt":"2020-12-15T08:22:44","slug":"covid-cts-al-governo-misure-piu-rigide-per-le-vacanze-di-natale","status":"publish","type":"post","link":"https:\/\/www.cronacaonline.it\/index.php\/2020\/12\/15\/covid-cts-al-governo-misure-piu-rigide-per-le-vacanze-di-natale\/","title":{"rendered":"Covid, Cts al governo: misure pi\u00f9 rigide per le vacanze di Natale."},"content":{"rendered":"\n<p>Roma, 15 Dic 2020 - Il governo sta valutando la possibilit\u00e0 di intervenire per una ulteriore stretta natalizia, per il contenimento dell'epidemia di coronavirus. Questo \u00e8 quanto emerge dopo la riunione del premier Giuseppe Conte con i capi delegazione dei partiti di governo e i membri del Comitato tecnico-scientifico.<\/p>\n\n\n\n<p>Gli esperti del Cts, nella riunione con il premier Conte e con i capi delegazione, avrebbero infatti suggerito all'esecutivo misure da consolidare ed eventualmente estendere e rafforzare con una sorta di confinamento per tutto il periodo di Natale.<\/p>\n\n\n\n<p>La necessit\u00e0 di una nuova stretta, \u00e8 stato spiegato dai tecnici, \u00e8 legata all'impossibilit\u00e0 da un lato di un controllo capillare del territorio e dall'altro a dati ancora \"preoccupanti\", con un'incidenza dei nuovi casi ancora troppo alta (nell'ultimo monitoraggio era di 193 ogni 100 mila abitanti, quando dovrebbe essere a 50 ogni 100 mila per poter garantire il tracciamento).<\/p>\n\n\n\n<p>L'Italia, fanno notare gli esperti del Comitato tecnico scientifico, ha anche un numero di morti giornaliero che supera quello della Germania - che ha per\u00f2 20 milioni di abitanti in pi\u00f9 -, e oltre met\u00e0 del paese con le strutture sanitarie ancora sotto stress. Dunque, \u00e8 la conclusione, \"bisogna estendere le misure, altrimenti a gennaio saremo nei guai\". Una decisione arriver\u00e0 entro stasera o domani.<\/p>\n\n\n\n<p>\"Il Cts in questi minuti si sta riunendo su richiesta del governo per valutare la situazione ed eventuali nuove misure. La mia opinione \u00e8 chiara: queste misure ci possono aiutare nelle settimane delle vacanze di Natale a evitare che arrivi una terza ondata e una recrudescenza. Stiamo ragionando sulle 2 settimane delle vacanze, quello \u00e8 il periodo pi\u00f9 complicato\". Lo ha detto il ministro della Salute, Roberto Speranza, al Tg3. \"Ascolteremo con grande attenzione i nostri scienziati e l'auspicio \u00e8 che nel giro di poco tempo si possano assumere ulteriori misure in grado di scongiurare un'ipotetica terza ondata\".<\/p>\n\n\n\n<p>\"Sono numeri ancora molto significativi, \u00e8 vero che nelle ultime settimane c'\u00e8 stata una lieve flessione per le misure adottate ma la battaglia non \u00e8 vinta e ci vuole ancora tantissima cautela. Ci vuole poco a tornare indietro e vanificare gli sforzi delle ultime settimane.&nbsp;A fine dicembre, ha ricordato il ministro, \"verr\u00e0 autorizzata una sola azienda farmaceutica e speriamo che nel giro di poco tempo possano arrivare le autorizzazioni anche per le altre. Quindi c'\u00e8 bisogno ancora di resistere e le misure, nel frattempo che arrivi il vaccino per tutti - ha aggiunto - sono l'unica strada per provare a contenere davvero il contagio\".<\/p>\n\n\n\n<p>\"Gennaio sar\u00e0 il mese in cui apriremo le vaccinazioni anti Covid in tutti i Paesi europei e l'Italia sta chiedendo un giorno solo per partire in tutti i Paesi Ue, sarebbe il segnale giusto, per\u00f2 dobbiamo dirci la verit\u00e0: il vaccino non arriver\u00e0 subito per tutti e quindi bisogner\u00e0 scegliere alcune categorie, e poi ci vorr\u00e0 un po' di tempo per poter avere le dosi necessarie per tutti\".<\/p>\n\n\n\n<p>\"Il Governo adotter\u00e0 \"provvedimenti un po' pi\u00f9 stringenti, non so fino a che punto ma penso che noi non&nbsp;siamo nelle stesse condizioni della Germania, in quanto la nostra curva non \u00e8 in salita\", ha detto il sottosegretario alla Salute, Sandra Zampa, a RaiNews24, \"c'\u00e8 un Rt in lieve discesa dappertutto ma abbiamo numeri ancora molto preoccupanti. Numeri che, quando abbiamo chiuso le scuole, immaginavamo assai pi\u00f9 bassi di quelli che invece continuiamo a registrare\", ha detto ancora la sottosegretaria alla Salute.<\/p>\n\n\n\n<p>\"Ci sono due punti di vista - ha continuato Zampa a proposito degli affollamenti visti nello scorso fine settimana- ma entrambi&nbsp;mossi dall'idea che dobbiamo evitare queste cose viste e mettere pi\u00f9 in sicurezza il Paese. \u00c8 certamente molto difficile, difficilissimo, per\u00f2 sicuramente verranno assunti dei provvedimenti stringenti\".<\/p>\n\n\n\n<p>Resta confermata la parte del Dpcm del 3 dicembre scorso con la quale \u00e8 stata disposta la chiusura nelle giornate festive e prefestive degli esercizi commerciali collocati all'interno di \"parchi commerciali ed altre strutture ad essi assimilabili, a eccezione delle farmacie, parafarmacie, presidi sanitari, punti vendita di generi alimentari, di prodotti agricoli e florovivaistici, tabacchi ed edicole\", a causa dell'emergenza Covid. Lo ha deciso il Tar del Lazio con due decreti monocratici firmati dal presidente della prima sezione. Il Tar ha dunque respinto le richieste di sospensione cautelare urgente del decreto governativo, avanzate da una serie di esercizi commerciali, consorzi e dall'Associazione Regionale dei Centri e Parchi Commerciali del Veneto. Nel decreto del Tar si sottolinea che \"nella specie, non sussistono le condizioni per disporre l'accoglimento dell'istanza anzidetta nelle more della celebrazione della camera di consiglio\". Fissata il 13 gennaio 2021 l'udienza per la valutazione collegiale in camera di consiglio delle censure proposte con i ricorsi.<\/p>\n","protected":false},"excerpt":{"rendered":"<p>Roma, 15 Dic 2020 &#8211; Il governo sta valutando la possibilit\u00e0 di intervenire per una ulteriore stretta natalizia, per il contenimento dell&#8217;epidemia di coronavirus. Questo&#8230;<\/p>\n","protected":false},"author":2,"featured_media":188638,"comment_status":"closed","ping_status":"open","sticky":false,"template":"","format":"standard","meta":[],"categories":[49,51],"tags":[],"_links":{"self":[{"href":"https:\/\/www.cronacaonline.it\/index.php\/wp-json\/wp\/v2\/posts\/199416"}],"collection":[{"href":"https:\/\/www.cronacaonline.it\/index.php\/wp-json\/wp\/v2\/posts"}],"about":[{"href":"https:\/\/www.cronacaonline.it\/index.php\/wp-json\/wp\/v2\/types\/post"}],"author":[{"embeddable":true,"href":"https:\/\/www.cronacaonline.it\/index.php\/wp-json\/wp\/v2\/users\/2"}],"replies":[{"embeddable":true,"href":"https:\/\/www.cronacaonline.it\/index.php\/wp-json\/wp\/v2\/comments?post=199416"}],"version-history":[{"count":1,"href":"https:\/\/www.cronacaonline.it\/index.php\/wp-json\/wp\/v2\/posts\/199416\/revisions"}],"predecessor-version":[{"id":199417,"href":"https:\/\/www.cronacaonline.it\/index.php\/wp-json\/wp\/v2\/posts\/199416\/revisions\/199417"}],"wp:featuredmedia":[{"embeddable":true,"href":"https:\/\/www.cronacaonline.it\/index.php\/wp-json\/wp\/v2\/media\/188638"}],"wp:attachment":[{"href":"https:\/\/www.cronacaonline.it\/index.php\/wp-json\/wp\/v2\/media?parent=199416"}],"wp:term":[{"taxonomy":"category","embeddable":true,"href":"https:\/\/www.cronacaonline.it\/index.php\/wp-json\/wp\/v2\/categories?post=199416"},{"taxonomy":"post_tag","embeddable":true,"href":"https:\/\/www.cronacaonline.it\/index.php\/wp-json\/wp\/v2\/tags?post=199416"}],"curies":[{"name":"wp","href":"https:\/\/api.w.org\/{rel}","templated":true}]}}