{"id":199114,"date":"2020-12-08T08:50:01","date_gmt":"2020-12-08T07:50:01","guid":{"rendered":"https:\/\/www.cronacaonline.it\/?p=199114"},"modified":"2020-12-08T08:50:03","modified_gmt":"2020-12-08T07:50:03","slug":"boschi-rottura-spero-di-no-ma-temo-di-si-governo-tensioni-nella-maggioranza-no-di-italia-viva-al-piano-di-conte-sul-recovery-fund","status":"publish","type":"post","link":"https:\/\/www.cronacaonline.it\/index.php\/2020\/12\/08\/boschi-rottura-spero-di-no-ma-temo-di-si-governo-tensioni-nella-maggioranza-no-di-italia-viva-al-piano-di-conte-sul-recovery-fund\/","title":{"rendered":"Boschi: &#8220;Rottura? Spero di no, ma temo di s\u00ec&#8221; Governo, tensioni nella maggioranza: no di Italia Viva al piano di Conte sul Recovery fund."},"content":{"rendered":"\n<p>Roma, 8 Dic 2020 - Ancora una fumata nera sul Recovery Plan e in particolare sul nodo della task force per la gestione dei progetti del Piano di Ripresa e Resilienza italiano. Italia Viva va all'attacco del premier e resta in trincea anche nella riunione tecnica del pre-Consiglio dei ministri di ieri sera, chiamato a trovare una quadra non solo sullo schema di aggiornamento del Recovery ma, soprattutto, sulla cabina di regia destinata a finire in un decreto ad hoc. I tecnici di Iv sarebbero contrari anche a questa soluzione e alle deroghe previste per la cabina di regia. Intanto sul Mes si va verso una schiarita. Oggi il consiglio dei ministri.<\/p>\n\n\n\n<p>Si cerca la mediazione. Ma in un'intervista al Corriere della Sera le parole di Maria Elena Boschi, capogruppo di Italia viva alla Camera, confermano che la tensione nella maggioranza \u00e8 altissima. \"Noi abbiamo chiesto da mesi di discutere in Parlamento del fondi recupero fund. E abbiamo promosso una discussione interna alla maggioranza. Italia viva chiede, pubblicamente, un dibattito alla luce del sole. Il premier ha fatto un'intervista sabato per dire che aveva gi\u00e0 deciso tutto, che si sarebbe creata una governance con trecento consulenti, che i progetti erano gi\u00e0 stati predisposti con commissari in grado di avere poteri sostitutivi rispetto ai ministeri. Noi non stiamo sfidando il premier, stiamo solo difendendo le istituzioni di questo Paese: non abbiamo voluto dare i pieni poteri a Salvini, non intendiamo darli a Conte\".<\/p>\n\n\n\n<p>Poi alla domanda se, con tale scenario, non si rischia la rottura risponde:&nbsp;\"Spero di no, ma temo di s\u00ec. Non stiamo alzando i toni, noi: siamo in presenza di un fatto gravissimo. Non \u00e8 possibile - sottolinea - che il premier sostituisca il governo con una task force, i servizi segreti con una fondazione, le sedute parlamentari con le dirette Facebook\". Poi l'avvertimento. \"Se il premier vuole rompere ci dispiace, ma faccia pure. Il richiamo alla responsabilit\u00e0 non pu\u00f2 essere a senso unico\".<\/p>\n\n\n\n<p>A sostenere il piano del premier, cercando di ricucire gli strappi, \u00e8 il presidente della Camera Roberto Fico. \"Il voto di domani riguarda il mandato da dare al presidente Conte per il Consiglio europeo dove dovr\u00e0 tutelare le posizioni e gli interessi del nostro Paese. Il Movimento e la maggioranza tutta hanno il dovere di sostenerlo: serve grande responsabilit\u00e0 in una fase delicatissima per l'Italia - dice anche lui in un'intervista al Corriere - Occorre lavorare per il bene dei cittadini, per uscire dalla crisi il prima possibile. Per raggiungere questi risultati servono sintesi, coesione, capacit\u00e0 di mediazione\".<\/p>\n\n\n\n<p>Sulla riforma del Mes, poi, chiarisce: \"Una cosa \u00e8 la riforma, un'altra \u00e8 accedere al Mes, cosa di cui non si parler\u00e0 domani e su cui comunque non sono d'accordo\". Per quanto riguarda la riforma, \"presenta dei punti migliorativi - sottolinea - ma altri nodi non sono sciolti. Lo dico chiaramente: non \u00e8 la miglior riforma possibile. Si tratta di un percorso avviato da pi\u00f9 di un anno, che va letto nell'ottica della posizione italiana in Europa. Non dimentichiamo il brillante successo ottenuto dopo un complesso e serrato negoziato sul Recupero\". Il governo scricchiola? \"Serve la volont\u00e0 comune di sciogliere alcuni nodi, e per farlo \u00e8 necessario un clima genuinamente costruttivo. Senza egocentrismi\". E, alla domanda se Conte \u00e8 il bilico, il presidente della Camera ribadisce: \"Il presidente del Consiglio ha il pieno sostegno del Movimento 5 Stelle, questo non lo ha messo in discussione nessuno al nostro interno\".<\/p>\n\n\n\n<p>Ieri ad aumentare la tensione ha contribuito anche la notizia della positivit\u00e0&nbsp;al Covid-19 della ministra dell'Interno, Luciana Lamorgese che ha determinato l'immediata interruzione del Cdm. La discussione dovrebbe riprendere oggi pomeriggio, ma \u00e8 molto probabile che la partita non si chiuda prima di domani. Un extra-time che il premier non intende sprecare. Anche perch\u00e9 le opposizioni incalzano, come dimostra la zampata di Silvio Berlusconi. Per il leader di Fi \"rimane indispensabile un accordo complessivo sull'utilizzo delle risorse del fondo di riserva\", soprattutto ora che \"le contraddizioni della maggioranza rischiano di farci arrivare impreparati e mettono addirittura in pericolo queste risorse vitali per il futuro del Paese\". Intanto, test molecolare per tutti gli esponenti del governo che hanno partecipato alla riunione; e&nbsp;i ministri Bonafede e Di Maio in autoisolamento.<\/p>\n","protected":false},"excerpt":{"rendered":"<p>Roma, 8 Dic 2020 &#8211; Ancora una fumata nera sul Recovery Plan e in particolare sul nodo della task force per la gestione dei progetti&#8230;<\/p>\n","protected":false},"author":2,"featured_media":188638,"comment_status":"closed","ping_status":"open","sticky":false,"template":"","format":"standard","meta":[],"categories":[49,51],"tags":[],"_links":{"self":[{"href":"https:\/\/www.cronacaonline.it\/index.php\/wp-json\/wp\/v2\/posts\/199114"}],"collection":[{"href":"https:\/\/www.cronacaonline.it\/index.php\/wp-json\/wp\/v2\/posts"}],"about":[{"href":"https:\/\/www.cronacaonline.it\/index.php\/wp-json\/wp\/v2\/types\/post"}],"author":[{"embeddable":true,"href":"https:\/\/www.cronacaonline.it\/index.php\/wp-json\/wp\/v2\/users\/2"}],"replies":[{"embeddable":true,"href":"https:\/\/www.cronacaonline.it\/index.php\/wp-json\/wp\/v2\/comments?post=199114"}],"version-history":[{"count":1,"href":"https:\/\/www.cronacaonline.it\/index.php\/wp-json\/wp\/v2\/posts\/199114\/revisions"}],"predecessor-version":[{"id":199115,"href":"https:\/\/www.cronacaonline.it\/index.php\/wp-json\/wp\/v2\/posts\/199114\/revisions\/199115"}],"wp:featuredmedia":[{"embeddable":true,"href":"https:\/\/www.cronacaonline.it\/index.php\/wp-json\/wp\/v2\/media\/188638"}],"wp:attachment":[{"href":"https:\/\/www.cronacaonline.it\/index.php\/wp-json\/wp\/v2\/media?parent=199114"}],"wp:term":[{"taxonomy":"category","embeddable":true,"href":"https:\/\/www.cronacaonline.it\/index.php\/wp-json\/wp\/v2\/categories?post=199114"},{"taxonomy":"post_tag","embeddable":true,"href":"https:\/\/www.cronacaonline.it\/index.php\/wp-json\/wp\/v2\/tags?post=199114"}],"curies":[{"name":"wp","href":"https:\/\/api.w.org\/{rel}","templated":true}]}}