{"id":199023,"date":"2020-12-06T06:44:02","date_gmt":"2020-12-06T05:44:02","guid":{"rendered":"https:\/\/www.cronacaonline.it\/?p=199023"},"modified":"2020-12-06T06:44:04","modified_gmt":"2020-12-06T05:44:04","slug":"per-il-mes-conte-a-rischio-per-la-maggioranza-e-emergenza-mercoledi-il-voto","status":"publish","type":"post","link":"https:\/\/www.cronacaonline.it\/index.php\/2020\/12\/06\/per-il-mes-conte-a-rischio-per-la-maggioranza-e-emergenza-mercoledi-il-voto\/","title":{"rendered":"Per il Mes Conte a rischio: per la maggioranza \u00e8 emergenza. Mercoled\u00ec il voto."},"content":{"rendered":"\n<p>Roma, 6 Dic 2020 - Il centrodestra si unisce sul 'no' al Mes, mentre oggi va in scena un serrato botta e risposta tra il leader di Italia Viva, Matteo Renzi, e il capo politico M5s, Vito Crimi, in vista del voto del Senato di mercoled\u00ec 9 dicembre. Il ministro dell'Economia, Roberto Gualtieri, si dice fiducioso \"in un voto positivo\", per Meloni sul Mes \"o crolla Conte o crolla M5s\"<\/p>\n\n\n\n<p>\u201cQuello che si voter\u00e0 sar\u00e0 una risoluzione alle comunicazioni del premier Giuseppe Conte e io sono convinto che ci sar\u00e0 risoluzione unitaria di maggioranza che guarder\u00e0 oltre\" alla riforma del Mes. Se il governo cadr\u00e0? \"No, assolutamente\",&nbsp;afferma il capo politico M5S, Vito Crimi, ospite a un confronto tra i leader politici su&nbsp;Sky Tg24.<\/p>\n\n\n\n<p>\"Il problema del passaggio del 9 dicembre \u00e8 tutto del M5S. Non condivido il ragionamento di Crimi sul Mes. Se noi prendiamo i soldi dal Mes e non dal finanziamento normale noi risparmiamo 300 milioni all'anno, sono soldi che vengono risparmiati dai cittadini. Sul Mes io sto con Zingaretti e non con Crimi\", spiega Renzi, sempre a Sky tg24.<\/p>\n\n\n\n<p>\"Per risparmiare 300 milioni ci sottoponiamo ad altre condizioni, ipotechiamo il futuro degli italiani come \u00e8 accaduto con la legge Fornero\", sottolinea Crimi. E, subito, arriva la replica di Renzi: \"Ma quale Fornero? Il Mes non ha condizionalit\u00e0\", attacca il leader di Iv. E Antonio Tajani, anche lui ospite della trasmissione non a caso ironizza: \"\u00e8 una maggioranza piuttosto litigiosa...\".<\/p>\n\n\n\n<p>\"Il Mes \u00e8 un Trattato internazionale che&nbsp;rimanda a delle condizioni, in passato le hanno viste&nbsp;i greci, i ciprioti. Ci sono 70 miliardi di euro fermi nelle casse dello Stato perch\u00e9&nbsp;il governo non riesce a spenderli, il problema dell'Italia non&nbsp;\u00e8 la mancanza di soldi, ma di idee\" ha affermato il segretario&nbsp;della Lega Matteo Salvini, ribadendo la contrariet\u00e0 all'utilizzo del Mes.<\/p>\n\n\n\n<p>\"Siamo coerentemente contrari sia alla&nbsp;riforma\" del Mes, perch\u00e9&nbsp;lo trasforma \"sempre pi\u00f9 in un fondo salva&nbsp;banche, segnatamente banche tedesche\", e \"all'accesso anche nella&nbsp;cosiddetta versione senza condizionalit\u00e0, perch\u00e9&nbsp;purtroppo non \u00e8 senza condizionalit\u00e0\" afferma la presidente di Fratelli&nbsp;d'Italia. \"Delle due l'una: o crolla Conte o crolla&nbsp;M5S. Temo la seconda\" ha inoltre affermato Meloni in una intervista al Messaggero.<\/p>\n\n\n\n<p>''Voteremo no convintamente alla riforma del Mes, ma non perch\u00e9&nbsp;siamo antieuropeisti. Siamo invece per il s\u00ec al Mes&nbsp;sanitario'' ha assicurato Antonio Tajani, vicepresidente di Forza&nbsp;Italia, ribadendo che Silvio Berlusconi non ha cambiato linea politica su questo tema.<\/p>\n\n\n\n<p>\"Sono assolutamente fiducioso che ci sar\u00e0 un voto positivo\" sulla riforma del Mes, \"sarebbe incomprensibile che l'Italia esercitasse un veto mentre si sta battendo contro veti di altri Paesi sul Recovery plan\" afferma&nbsp;il ministro dell'Economia, Roberto Gualtieri.<\/p>\n\n\n\n<p>Il Governo non cadr\u00e0: il voto in Parlamento della prossima settimana sul Mes \u00e8 sulla sua riforma, non il suo utilizzo. Lo ha dettoil premier, Giuseppe Conte, intervistato oggi&nbsp;da 'Repubblica'. \"Il voto non sar\u00e0 sull\u2019attivazione del Mes, ma su alcune sue modifiche che, grazie anche al contributo dell\u2019Italia, sono servite a migliorare un meccanismo gi\u00e0 esistente dal 2012\", ha detto. \"Guido un governo europeista, saremo protagonisti della riforma del Mes e del Recovery Fund assieme a Berlino e Parigi\".<\/p>\n","protected":false},"excerpt":{"rendered":"<p>Roma, 6 Dic 2020 &#8211; Il centrodestra si unisce sul &#8216;no&#8217; al Mes, mentre oggi va in scena un serrato botta e risposta tra il&#8230;<\/p>\n","protected":false},"author":2,"featured_media":193070,"comment_status":"closed","ping_status":"open","sticky":false,"template":"","format":"standard","meta":[],"categories":[49,51],"tags":[],"_links":{"self":[{"href":"https:\/\/www.cronacaonline.it\/index.php\/wp-json\/wp\/v2\/posts\/199023"}],"collection":[{"href":"https:\/\/www.cronacaonline.it\/index.php\/wp-json\/wp\/v2\/posts"}],"about":[{"href":"https:\/\/www.cronacaonline.it\/index.php\/wp-json\/wp\/v2\/types\/post"}],"author":[{"embeddable":true,"href":"https:\/\/www.cronacaonline.it\/index.php\/wp-json\/wp\/v2\/users\/2"}],"replies":[{"embeddable":true,"href":"https:\/\/www.cronacaonline.it\/index.php\/wp-json\/wp\/v2\/comments?post=199023"}],"version-history":[{"count":1,"href":"https:\/\/www.cronacaonline.it\/index.php\/wp-json\/wp\/v2\/posts\/199023\/revisions"}],"predecessor-version":[{"id":199024,"href":"https:\/\/www.cronacaonline.it\/index.php\/wp-json\/wp\/v2\/posts\/199023\/revisions\/199024"}],"wp:featuredmedia":[{"embeddable":true,"href":"https:\/\/www.cronacaonline.it\/index.php\/wp-json\/wp\/v2\/media\/193070"}],"wp:attachment":[{"href":"https:\/\/www.cronacaonline.it\/index.php\/wp-json\/wp\/v2\/media?parent=199023"}],"wp:term":[{"taxonomy":"category","embeddable":true,"href":"https:\/\/www.cronacaonline.it\/index.php\/wp-json\/wp\/v2\/categories?post=199023"},{"taxonomy":"post_tag","embeddable":true,"href":"https:\/\/www.cronacaonline.it\/index.php\/wp-json\/wp\/v2\/tags?post=199023"}],"curies":[{"name":"wp","href":"https:\/\/api.w.org\/{rel}","templated":true}]}}