{"id":198999,"date":"2020-12-05T09:56:23","date_gmt":"2020-12-05T08:56:23","guid":{"rendered":"https:\/\/www.cronacaonline.it\/?p=198999"},"modified":"2020-12-05T09:56:25","modified_gmt":"2020-12-05T08:56:25","slug":"il-presidente-del-consiglio-dei-ministri-giuseppe-conte-il-governo-non-cadra-il-voto-e-sulla-riforma-del-mes-non-sul-suo-utilizzo","status":"publish","type":"post","link":"https:\/\/www.cronacaonline.it\/index.php\/2020\/12\/05\/il-presidente-del-consiglio-dei-ministri-giuseppe-conte-il-governo-non-cadra-il-voto-e-sulla-riforma-del-mes-non-sul-suo-utilizzo\/","title":{"rendered":"Il presidente del Consiglio dei Ministri Giuseppe Conte: il Governo non cadr\u00e0, il voto \u00e8 sulla riforma del Mes, non sul suo utilizzo."},"content":{"rendered":"\n<p>Roma, 5 Dic 2020 - Il Governo non cadr\u00e0: il voto in Parlamento della prossima settimana sul Mes \u00e8 sulla sua riforma, non il suo utilizzo. Lo dice il premier, Giuseppe Conte, intervistato oggi da 'Repubblica'. \"Il voto non sar\u00e0 sull\u2019attivazione del Mes ma su alcune sue modifiche che, grazie anche al contributo dell\u2019Italia, sono servite a migliorare un meccanismo gi\u00e0 esistente dal 2012\", ha detto Conte, intervistato da Maurizio Molinari. \"Guido un governo europeista, saremo protagonisti della riforma del Mes e del fondo di recupero assieme a Berlino e Parigi\".<\/p>\n\n\n\n<p>\"Siamo in guerra con il virus ma ora inizia la ricostruzione nel segno dell\u2019Europa e sar\u00e0 il mio governo a guidarla perch\u00e9 non cadr\u00f2 sul Mes\". Il premier non teme il voto del 9 dicembre in Parlamento sulla riforma del Mes \"perch\u00e9 il M5S sta completando la svolta pro-Ue\". E a chi nella maggioranza ipotizza rimpasti, Conte fa sapere: \"Dovete uscire allo scoperto e chiedere cosa volete\"<\/p>\n\n\n\n<p>\"Luned\u00ec ci ritroveremo con i ministri per approvare il budget del fondo di recupero con tutti gli appostamenti. Dopo le 6 linee guida gi\u00e0 condivise con il Parlamento, approfondiremo anche la sessantina di progetti che hanno superato il vaglio preliminare e che sono ormai in dirittura finale. Li raggrupperemo in 17 clusters\".<\/p>\n\n\n\n<p>Dei progetti, spiega Conte, \"alcuni saranno centralizzati, altri avranno una dimensione capillare sul territorio, come ad esempio quello volto a migliorare l\u2019offerta di asili nido: c\u2019\u00e8 un progetto per 2 miliardi al fine di potenziare le strutture offrendo servizi per 750mila bambini\".<\/p>\n\n\n\n<p>\"Poi abbiamo un vasto programma di efficientamento energetico, cablaggio e messa in sicurezza degli edifici pubblici, a partire da scuole e ospedali, cui sar\u00e0 dedicato quasi il 10% delle risorse del Piano - dice il Conte -. Per rendere l\u2019Italia pi\u00f9 connessa al sistema dei trasporti europeo, sono previsti interventi per la logistica, la movimentazione merci e l\u2019elettrificazione dei principali porti, a partire da Genova e Trieste\".<\/p>\n\n\n\n<p>\"Sul fronte della ricerca e dell\u2019innovazione abbiamo in cantiere la creazione di poli per la ricerca di base, applicata e il trasferimento tecnologico in settori come agritech, intelligenza artificiale, fintech, biomedicina e altri\", afferma.<\/p>\n\n\n\n<p>\"Luned\u00ec approveremo anche la struttura di governo del fondo di recupero con coordinamento presso la Presidenza del Consiglio, per ovvie ragioni di equilibri, ma quello che conta davvero \u00e8 che sia garantita la piena efficienza. Vi sar\u00e0, come anche ci chiede la Ue, un comitato ristretto deputato a vigilare con costanza tutta la fase attuativa\".<\/p>\n\n\n\n<p>\"Ne faremo parte io, il ministro dell\u2019Economia e il ministro dello Sviluppo Economico, con la responsabilit\u00e0 di riferire periodicamente al Ciae e al Parlamento - spiega Conte -. La supervisione tecnica dell\u2019attuazione sar\u00e0 affidata a una struttura composta da sei manager, assistiti da uno staff dotato delle necessarie competenze professionali. In casi eccezionali i sei manager potranno essere chiamati a intervenire con poteri sostitutivi per evitare ritardi e perdite di risorse\". Luned\u00ec non verranno fatti i nomi dei 6 manager. \"Verranno dopo\", sottolinea il premier.<\/p>\n","protected":false},"excerpt":{"rendered":"<p>Roma, 5 Dic 2020 &#8211; Il Governo non cadr\u00e0: il voto in Parlamento della prossima settimana sul Mes \u00e8 sulla sua riforma, non il suo&#8230;<\/p>\n","protected":false},"author":2,"featured_media":196172,"comment_status":"closed","ping_status":"open","sticky":false,"template":"","format":"standard","meta":[],"categories":[49,51],"tags":[],"_links":{"self":[{"href":"https:\/\/www.cronacaonline.it\/index.php\/wp-json\/wp\/v2\/posts\/198999"}],"collection":[{"href":"https:\/\/www.cronacaonline.it\/index.php\/wp-json\/wp\/v2\/posts"}],"about":[{"href":"https:\/\/www.cronacaonline.it\/index.php\/wp-json\/wp\/v2\/types\/post"}],"author":[{"embeddable":true,"href":"https:\/\/www.cronacaonline.it\/index.php\/wp-json\/wp\/v2\/users\/2"}],"replies":[{"embeddable":true,"href":"https:\/\/www.cronacaonline.it\/index.php\/wp-json\/wp\/v2\/comments?post=198999"}],"version-history":[{"count":1,"href":"https:\/\/www.cronacaonline.it\/index.php\/wp-json\/wp\/v2\/posts\/198999\/revisions"}],"predecessor-version":[{"id":199000,"href":"https:\/\/www.cronacaonline.it\/index.php\/wp-json\/wp\/v2\/posts\/198999\/revisions\/199000"}],"wp:featuredmedia":[{"embeddable":true,"href":"https:\/\/www.cronacaonline.it\/index.php\/wp-json\/wp\/v2\/media\/196172"}],"wp:attachment":[{"href":"https:\/\/www.cronacaonline.it\/index.php\/wp-json\/wp\/v2\/media?parent=198999"}],"wp:term":[{"taxonomy":"category","embeddable":true,"href":"https:\/\/www.cronacaonline.it\/index.php\/wp-json\/wp\/v2\/categories?post=198999"},{"taxonomy":"post_tag","embeddable":true,"href":"https:\/\/www.cronacaonline.it\/index.php\/wp-json\/wp\/v2\/tags?post=198999"}],"curies":[{"name":"wp","href":"https:\/\/api.w.org\/{rel}","templated":true}]}}