{"id":198994,"date":"2020-12-05T08:25:02","date_gmt":"2020-12-05T07:25:02","guid":{"rendered":"https:\/\/www.cronacaonline.it\/?p=198994"},"modified":"2020-12-05T08:25:03","modified_gmt":"2020-12-05T07:25:03","slug":"usa-biden-deve-esserci-equita-nella-distribuzione-del-vaccino-covid","status":"publish","type":"post","link":"https:\/\/www.cronacaonline.it\/index.php\/2020\/12\/05\/usa-biden-deve-esserci-equita-nella-distribuzione-del-vaccino-covid\/","title":{"rendered":"Usa, Biden: deve esserci equit\u00e0 nella distribuzione del vaccino Covid."},"content":{"rendered":"\n<p>Usa, 5 Dic 2020 - Ci deve essere equit\u00e0 nella distribuzione del vaccino. Lo afferma il presidente-eletto Joe Biden, sottolineando che la comunit\u00e0 degli afroamericani \u00e8 stata colpita duramente colpita dal Covid-19.<\/p>\n\n\n\n<p>Nessun obbligo nazionale di mascherina Biden ha ribadito in conferenza stampa che non ci sar\u00e0 nessun obbligo nazionale di mascherina. \"Chieder\u00f2 alla gente di fare la cosa giusta\", ha spiegato Biden, \"chieder\u00f2 loro di impegnarsi per 100 giorni a indossare la mascherina, che non \u00e8\u00a0una questione politica ma un dovere patriottico. Mentre distribuiremo il vaccino saremo cos\u00ec in grado di salvare centinaia di migliaia di vite\".<\/p>\n\n\n\n<p>Avr\u00f2 amministrazione pi\u00f9 multirazziale storia Joe Biden ha inoltre promesso che la sua sar\u00e0 l'amministrazione pi\u00f9 multirazziale della storia degli Stati Uniti. Biden ha risposto cos\u00ec in conferenza stampa a una cronista che gli chiedeva se avrebbe scelto una persona di colore per i dipartimenti di Giustizia e di Difesa dopo aver selezionato due bianchi come segretario di Stato e segretario al Tesoro. Incalzato dalla cronista, che gli chiedeva se non intendeva quindi impegnarsi in questo senso, Biden ha ribadito la promessa dell'amministrazione pi\u00f9 multirazziale di sempre senza entrare nei dettagli.<\/p>\n\n\n\n<p>Non c'\u00e8 tempo da perdere, economia in stallo Il presidente eletto degli Stati Uniti ha affermato che il rapporto sul lavoro pi\u00f9 recente \u00e8 \"terribile\" e che non c'\u00e8 tempo da perdere, perch\u00e9 milioni di persone hanno perso il lavoro o hanno visto i loro redditi tagliati. Con l'accelerazione della pandemia in tutto il Paese, i datori di lavoro americani hanno ridotto drasticamente le assunzioni il mese scorso, con 245mila posti di lavoro in pi\u00f9, il dato pi\u00f9 basso da aprile e il quinto rallentamento mensile consecutivo.<\/p>\n\n\n\n<p>Biden ha invitato il Congresso a far passare con urgenza uno stimolo economico per aiutare a voltare pagina sull'impatto che il coronavirus ha avuto sull'economia degli Stati Uniti. Il rapporto di venerd\u00ec ha fornito le ultime prove che il mercato del lavoro e l'economia stanno vacillando di fronte a un virus che ha infranto i record giornalieri di infezioni confermate. \u00c8 probabile che l'attivit\u00e0 economica rallenti ulteriormente con l'aggravarsi della pandemia durante i mesi invernali. \"Era triste - ha sottolineato Biden -. Mostra un'economia in stallo\".<\/p>\n","protected":false},"excerpt":{"rendered":"<p>Usa, 5 Dic 2020 &#8211; Ci deve essere equit\u00e0 nella distribuzione del vaccino. Lo afferma il presidente-eletto Joe Biden, sottolineando che la comunit\u00e0 degli afroamericani&#8230;<\/p>\n","protected":false},"author":2,"featured_media":185278,"comment_status":"closed","ping_status":"open","sticky":false,"template":"","format":"standard","meta":[],"categories":[49,51],"tags":[],"_links":{"self":[{"href":"https:\/\/www.cronacaonline.it\/index.php\/wp-json\/wp\/v2\/posts\/198994"}],"collection":[{"href":"https:\/\/www.cronacaonline.it\/index.php\/wp-json\/wp\/v2\/posts"}],"about":[{"href":"https:\/\/www.cronacaonline.it\/index.php\/wp-json\/wp\/v2\/types\/post"}],"author":[{"embeddable":true,"href":"https:\/\/www.cronacaonline.it\/index.php\/wp-json\/wp\/v2\/users\/2"}],"replies":[{"embeddable":true,"href":"https:\/\/www.cronacaonline.it\/index.php\/wp-json\/wp\/v2\/comments?post=198994"}],"version-history":[{"count":1,"href":"https:\/\/www.cronacaonline.it\/index.php\/wp-json\/wp\/v2\/posts\/198994\/revisions"}],"predecessor-version":[{"id":198995,"href":"https:\/\/www.cronacaonline.it\/index.php\/wp-json\/wp\/v2\/posts\/198994\/revisions\/198995"}],"wp:featuredmedia":[{"embeddable":true,"href":"https:\/\/www.cronacaonline.it\/index.php\/wp-json\/wp\/v2\/media\/185278"}],"wp:attachment":[{"href":"https:\/\/www.cronacaonline.it\/index.php\/wp-json\/wp\/v2\/media?parent=198994"}],"wp:term":[{"taxonomy":"category","embeddable":true,"href":"https:\/\/www.cronacaonline.it\/index.php\/wp-json\/wp\/v2\/categories?post=198994"},{"taxonomy":"post_tag","embeddable":true,"href":"https:\/\/www.cronacaonline.it\/index.php\/wp-json\/wp\/v2\/tags?post=198994"}],"curies":[{"name":"wp","href":"https:\/\/api.w.org\/{rel}","templated":true}]}}