{"id":198979,"date":"2020-12-04T17:57:11","date_gmt":"2020-12-04T16:57:11","guid":{"rendered":"https:\/\/www.cronacaonline.it\/?p=198979"},"modified":"2020-12-04T17:57:13","modified_gmt":"2020-12-04T16:57:13","slug":"coronavirus-emilia-romagna-fvg-umbria-e-marche-diventano-gialle-alto-adige-toscana-e-campania-in-arancione-il-ministro-della-salute-roberto-spera","status":"publish","type":"post","link":"https:\/\/www.cronacaonline.it\/index.php\/2020\/12\/04\/coronavirus-emilia-romagna-fvg-umbria-e-marche-diventano-gialle-alto-adige-toscana-e-campania-in-arancione-il-ministro-della-salute-roberto-spera\/","title":{"rendered":"Coronavirus &#8211; Emilia Romagna, Fvg, Umbria e Marche diventano gialle. Alto Adige, Toscana e Campania in &#8216;arancione&#8217;. Il ministro della Salute, Roberto Spera."},"content":{"rendered":"\n<p>Roma, 4 Dic 2020 - 7 regioni cambiano colore. Si tratta di Emilia Romagna, Umbria, Marche e Friuli Venezia Giulia, che\u00a0diventano gialle, e di\u00a0Campania, Toscana e Alto Adige, che da zona rossa diventano zona arancione. Il provvedimento scatter\u00e0 dalla mezzanotte di sabato eccetto che per l'Alto Adige, per la quale il cambio di colore avviene alla mezzanotte di oggi. Il ministro della Salute, Roberto Speranza, formalizzer\u00e0 la decisione nelle prossime ore con una ordinanza.<\/p>\n\n\n\n<p>\"Poco fa ho ricevuto dal ministro Speranza la conferma che da domenica l'Emilia-Romagna torner\u00e0 in zona gialla. Decisione che il ministro formalizzer\u00e0 in una nuova ordinanza che firmer\u00e0 nelle prossime ore\". Cos\u00ec il presidente dell'Emilia-Romagna Stefano Bonaccini. \"Ancora oggi e domani saremo quindi in zona arancione e passata la mezzanotte di sabato saremo in zona gialla\".<\/p>\n\n\n\n<p>\"Le restrizioni di queste tre settimane - aggiunge Bonaccini - hanno dunque pagato, ma dobbiamo continuare a essere responsabili e rispettare le regole perch\u00e9 l'impegno di tutti per frenare la pandemia deve proseguire, per proteggere la salute di ciascuno, a partire dalle persone pi\u00f9 fragili, e aiutare le strutture sanitarie e socio-sanitarie - medici, infermieri, operatori - che ogni giorno continuano a fare il loro lavoro in maniera encomiabile\".<\/p>\n\n\n\n<p>\"Il nostro passaggio sono sicura che avverr\u00e0 da domenica, mi ha chiamata&nbsp;da poco il ministro Speranza dicendomi che l'Umbria ha tutti i parametri per tornare in zona gialla\" ha detto la presidente della Regione Umbria, Donatella Tesei. \"L'ordinanza sar\u00e0 firmata questa sera, in Gazzetta domani ed efficace&nbsp;da domenica\", ha aggiunto la presidente.<\/p>\n\n\n\n<p>\"Finalmente \u00e8&nbsp;arrivata la conferma che tutti aspettavamo: da domenica torniamo in zona gialla: questa notizia ci fa piacere, ma non deve essere considerata come una esenzione da ogni responsabilit\u00e0\" ha annunciato il presidente della Regione Marche, Francesco Acquaroli, che ha ribadito come \"il virus continui a circolare e ogni giorno registriamo un numero di soggetti positivi ancora cospicuo\". Parlando ai marchigiani, il governatore ha detto che di \"cercare evitare luoghi di potenziale affollamento se non necessario\". \"Dobbiamo tutti impegnarci al massimo per far s\u00ec&nbsp;che la nostra regione resti stabilmente in fascia gialla - ha concluso -. Mi raccomando, il colore della nostra regione \u00e8&nbsp;nelle vostre mani. Vi prego di aiutarci\".<\/p>\n\n\n\n<p>\"Il ministro Speranza ha comunicato al governatore Massimiliano Fedriga che, nella nuova ordinanza in vigore da domenica, il Friuli Venezia Giulia sar\u00e0 classificato come 'zona gialla'\" si legge in una nota diffusa dalla Regione.<\/p>\n\n\n\n<p>Campania e Toscana passano all'arancione da domenica, l'Alto Adige da oggi La Campania sar\u00e0 zona arancione. L'eventuale passaggio in zona gialla sar\u00e0 oggetto di valutazioni nei successivi dieci giorni.<\/p>\n\n\n\n<p>\"La Toscana probabilmente sar\u00e0 zona arancione a partire dalla mezzanotte fra sabato 5 e domenica 6 dicembre\" annuncia su Facebook il presidente della Regione Toscana, Eugenio Giani, precisando: \"Stiamo predisponendo un'ordinanza per interpretare al meglio il nuovo Dpcm\".<\/p>\n\n\n\n<p>\"Ho sentito il ministro della Salute Roberto Speranza mezz'ora fa e mi ha confermato che ci sar\u00e0 oggi il passaggio formale in zona arancione dell'Alto Adige. Ufficialmente siamo in colore arancione\"&nbsp;ha detto il presidente della Provincia autonoma di Bolzano, Arno Kompatscher, in conferenza stampa. \"Per noi non cambia nulla perch\u00e9 abbiamo gi\u00e0 firmato un'ordinanza che permette l'apertura del commercio al dettaglio: da oggi ci si pu\u00f2 muovere all'interno dei nostri comuni sempre di giorno e non durante il coprifuoco\", ha aggiunto.<\/p>\n","protected":false},"excerpt":{"rendered":"<p>Roma, 4 Dic 2020 &#8211; 7 regioni cambiano colore. Si tratta di Emilia Romagna, Umbria, Marche e Friuli Venezia Giulia, che\u00a0diventano gialle, e di\u00a0Campania, Toscana&#8230;<\/p>\n","protected":false},"author":2,"featured_media":198824,"comment_status":"closed","ping_status":"open","sticky":false,"template":"","format":"standard","meta":[],"categories":[49,51],"tags":[],"_links":{"self":[{"href":"https:\/\/www.cronacaonline.it\/index.php\/wp-json\/wp\/v2\/posts\/198979"}],"collection":[{"href":"https:\/\/www.cronacaonline.it\/index.php\/wp-json\/wp\/v2\/posts"}],"about":[{"href":"https:\/\/www.cronacaonline.it\/index.php\/wp-json\/wp\/v2\/types\/post"}],"author":[{"embeddable":true,"href":"https:\/\/www.cronacaonline.it\/index.php\/wp-json\/wp\/v2\/users\/2"}],"replies":[{"embeddable":true,"href":"https:\/\/www.cronacaonline.it\/index.php\/wp-json\/wp\/v2\/comments?post=198979"}],"version-history":[{"count":1,"href":"https:\/\/www.cronacaonline.it\/index.php\/wp-json\/wp\/v2\/posts\/198979\/revisions"}],"predecessor-version":[{"id":198980,"href":"https:\/\/www.cronacaonline.it\/index.php\/wp-json\/wp\/v2\/posts\/198979\/revisions\/198980"}],"wp:featuredmedia":[{"embeddable":true,"href":"https:\/\/www.cronacaonline.it\/index.php\/wp-json\/wp\/v2\/media\/198824"}],"wp:attachment":[{"href":"https:\/\/www.cronacaonline.it\/index.php\/wp-json\/wp\/v2\/media?parent=198979"}],"wp:term":[{"taxonomy":"category","embeddable":true,"href":"https:\/\/www.cronacaonline.it\/index.php\/wp-json\/wp\/v2\/categories?post=198979"},{"taxonomy":"post_tag","embeddable":true,"href":"https:\/\/www.cronacaonline.it\/index.php\/wp-json\/wp\/v2\/tags?post=198979"}],"curies":[{"name":"wp","href":"https:\/\/api.w.org\/{rel}","templated":true}]}}