{"id":198975,"date":"2020-12-04T16:47:44","date_gmt":"2020-12-04T15:47:44","guid":{"rendered":"https:\/\/www.cronacaonline.it\/?p=198975"},"modified":"2020-12-04T16:47:49","modified_gmt":"2020-12-04T15:47:49","slug":"comune-di-cagliari-allestisce-albero-di-natale-al-palazzo-civico","status":"publish","type":"post","link":"https:\/\/www.cronacaonline.it\/index.php\/2020\/12\/04\/comune-di-cagliari-allestisce-albero-di-natale-al-palazzo-civico\/","title":{"rendered":"Comune di Cagliari allestisce albero di Natale al Palazzo Civico."},"content":{"rendered":"\n<p>Cagliari, 4 Dic 2020 - Anche quest'anno l'amministrazione comunale allestir\u00e0 un grande albero di Natale nel cortile del Palazzo Civico. <br>Purtroppo, a seguito dell\u2019emergenza sanitaria, non sar\u00e0 possibile, come lo scorso anno, accogliere le scolaresche che vorranno partecipare all\u2019addobbo dell\u2019albero o all\u2019iniziativa di solidariet\u00e0.<br>Per questo motivo, il sindaco Paolo Truzzu, con una lettera di auguri rivolta a tutti i dirigenti \u00a0scolastici ed agli insegnanti, invita a raccogliere gli eventuali regali degli alunni e delle rispettive famiglie direttamente presso le scuole, sottolineando che sar\u00e0 premura del Comune ritirare i doni presso gli istituti scolastici.<br>Un albero - \u00e8 l'invito del primo cittadino - che vuole essere un simbolo di augurio per tutta la citt\u00e0 in questo difficile momento.<br>L'auspicio del sindaco Truzzu \u00e8 che quanti pi\u00f9 cittadini cagliaritani si rechino comunque a lasciare un regalo, possibilmente generi di prima necessit\u00e0, sotto l'albero di Natale del Comune. Anche in questo caso, sar\u00e0 l'Amministrazione a recapitare i doni.<\/p>\n\n\n\n<p>Di seguito il testo dalla lettera:<br>\"Ci apprestiamo a vivere un Natale che sar\u00e0, per tutti noi, a causa dell\u2019emergenza Covid, diverso dai precedenti.<br>Non ci si potr\u00e0 abbracciare come al solito, non potremo raggiungere i nostri cari n\u00e9 riunirci con gli amici per un brindisi o una tombolata.<br>Ma crediamo anche che la situazione che stiamo vivendo possa e debba rappresentare una opportunit\u00e0 per riscoprire il significato pi\u00f9 profondo del Natale e per riappropriarci di quei valori, quali la solidariet\u00e0 e la fratellanza che oggi pi\u00f9 che mai sono importanti.<br>Tante famiglie soffrono per aver perso una persona cara o per non poter stare vicino e confortare un parente, un genitore, un marito, una moglie o un figlio che affrontano cure in ospedale.<br>E tanti sono coloro che si trovano in situazione di difficolt\u00e0 sociale ed economica.<br>Il Natale pu\u00f2 essere l\u2019occasione per stare loro pi\u00f9 vicini.<br>Anche quest\u2019anno l\u2019Amministrazione Comunale, in linea con l\u2019iniziativa gi\u00e0 intrapresa lo scorso anno, allestir\u00e0 nel cortile comunale l\u2019albero di Natale che sar\u00e0 l\u2019albero di tutta la collettivit\u00e0, quale simbolo di quella comunione e di quella vicinanza che dobbiamo essere capaci di coltivare e manifestare al di l\u00e0 delle distanze fisiche imposte dal covid.<br>Chiunque vorr\u00e0 potr\u00e0 contribuire all\u2019addobbo e partecipare alla campagna di solidariet\u00e0 lasciando generi alimentari per i bisognosi o un dono per i bimbi meno fortunati.<br>Anche un pensiero, una poesia da appendere sull\u2019albero, rivolti a chi vive giorni difficili, pu\u00f2 servire per accorciare quelle distanze e per farci sentire tutti pi\u00f9 vicini.<br>Consapevoli di quanto sia importante diffondere il messaggio di solidariet\u00e0 anche tra le pi\u00f9 giovani generazioni, mi rivolgo ai dirigenti scolastici e agli insegnanti perch\u00e9, su questi temi, possano sensibilizzare gli alunni.<br>Purtroppo, per le misure imposte dall\u2019emergenza sanitaria, non sar\u00e0 possibile, come lo scorso anno, accogliere nel cortile comunale le scolaresche che vorranno partecipare all\u2019addobbo dell\u2019albero o all\u2019iniziativa di solidariet\u00e0.<br>Per questo motivo invitiamo i responsabili scolastici a raccogliere gli eventuali contributi degli alunni e delle rispettive famiglie direttamente presso le scuole. Sar\u00e0 cura del Comune ritirare i doni presso gli istituti scolastici.<br>Nel ringraziare fin d\u2019ora quanti vorranno unirsi a questa iniziativa comunale, vogliamo rivolgere alla comunit\u00e0 cagliaritana il pi\u00f9 sentito augurio per un sereno Natale, anche a nome di tutto il personale dell\u2019Amministrazione che in quest\u2019anno non ha lesinato sforzi per essere il pi\u00f9 vicino possibile ai bisogni di tutti\".<\/p>\n\n\n\n<p>La lettera \u00e8 firmata dal sindaco e dall'assessore all'Istruzione. Com<\/p>\n","protected":false},"excerpt":{"rendered":"<p>Cagliari, 4 Dic 2020 &#8211; Anche quest&#8217;anno l&#8217;amministrazione comunale allestir\u00e0 un grande albero di Natale nel cortile del Palazzo Civico. Purtroppo, a seguito dell\u2019emergenza sanitaria,&#8230;<\/p>\n","protected":false},"author":2,"featured_media":132550,"comment_status":"closed","ping_status":"open","sticky":false,"template":"","format":"standard","meta":[],"categories":[49,51],"tags":[],"_links":{"self":[{"href":"https:\/\/www.cronacaonline.it\/index.php\/wp-json\/wp\/v2\/posts\/198975"}],"collection":[{"href":"https:\/\/www.cronacaonline.it\/index.php\/wp-json\/wp\/v2\/posts"}],"about":[{"href":"https:\/\/www.cronacaonline.it\/index.php\/wp-json\/wp\/v2\/types\/post"}],"author":[{"embeddable":true,"href":"https:\/\/www.cronacaonline.it\/index.php\/wp-json\/wp\/v2\/users\/2"}],"replies":[{"embeddable":true,"href":"https:\/\/www.cronacaonline.it\/index.php\/wp-json\/wp\/v2\/comments?post=198975"}],"version-history":[{"count":1,"href":"https:\/\/www.cronacaonline.it\/index.php\/wp-json\/wp\/v2\/posts\/198975\/revisions"}],"predecessor-version":[{"id":198976,"href":"https:\/\/www.cronacaonline.it\/index.php\/wp-json\/wp\/v2\/posts\/198975\/revisions\/198976"}],"wp:featuredmedia":[{"embeddable":true,"href":"https:\/\/www.cronacaonline.it\/index.php\/wp-json\/wp\/v2\/media\/132550"}],"wp:attachment":[{"href":"https:\/\/www.cronacaonline.it\/index.php\/wp-json\/wp\/v2\/media?parent=198975"}],"wp:term":[{"taxonomy":"category","embeddable":true,"href":"https:\/\/www.cronacaonline.it\/index.php\/wp-json\/wp\/v2\/categories?post=198975"},{"taxonomy":"post_tag","embeddable":true,"href":"https:\/\/www.cronacaonline.it\/index.php\/wp-json\/wp\/v2\/tags?post=198975"}],"curies":[{"name":"wp","href":"https:\/\/api.w.org\/{rel}","templated":true}]}}