{"id":198809,"date":"2020-12-02T08:22:21","date_gmt":"2020-12-02T07:22:21","guid":{"rendered":"https:\/\/www.cronacaonline.it\/?p=198809"},"modified":"2020-12-02T08:22:22","modified_gmt":"2020-12-02T07:22:22","slug":"la-lotta-al-covid-in-italia-vaccinazioni-di-massa-in-spazi-aperti-palestre-e-fiere","status":"publish","type":"post","link":"https:\/\/www.cronacaonline.it\/index.php\/2020\/12\/02\/la-lotta-al-covid-in-italia-vaccinazioni-di-massa-in-spazi-aperti-palestre-e-fiere\/","title":{"rendered":"La lotta al Covid in Italia: vaccinazioni di massa in spazi aperti, palestre e fiere."},"content":{"rendered":"\n<p>Roma, 2 Dic 2020 - Pronto il piano vaccini anti-Covid: saranno 202 milioni le dosi disponibili dal primo trimestre 2021.<\/p>\n\n\n\n<p>Inizialmente, il vaccino andr\u00e0 al personale medico e sanitario e rsa: prima agli over-80, poi alla fascia 60\/70 anni e via via alle altre fasce come lavoratori essenziali, compresi quelli della scuola. Ci sar\u00e0 il coinvolgimento dell'esercito.<\/p>\n\n\n\n<p>\u00c8 quanto prevede, come si apprende da fonti di maggioranza, l'appunto sul piano vaccini che il ministro della Salute, Roberto Speranza, ha illustrato oggi ai Capigruppo della maggioranza nella riunione a Palazzo Chigi, alla presenza anche del presidente del Consiglio, Giuseppe Conte.<\/p>\n\n\n\n<p>Il piano prevede l'implementazione della rete per monitorare le vaccinazioni, con un sistema informativo ad hoc collegato con sistemi regionali. Ci sar\u00e0 un doppio monitoraggio, con vigilanza sulle vaccinazioni e sorveglianza immunologica.<\/p>\n\n\n\n<p>Come gi\u00e0 ribadito da Speranza, secondo un'ottica europea, non si partir\u00e0 con la previsione dell'obbligo vaccinale ma con la persuasione e informazione. L'obiettivo \u00e8 raggiungere l'immunit\u00e0 di gregge, il che significa vaccinare 40 mln di italiani.<\/p>\n\n\n\n<p>Tra i primi vaccini che saranno disponibili in Italia vi \u00e8 quello della Pfizer, che arriver\u00e0 tra il 23 e il 26 gennaio e le dosi andranno direttamente ai 300 punti di arrivo individuati, che sono gli ospedali.&nbsp;<\/p>\n\n\n\n<p>Il piano prevede inoltre che la distribuzione del vaccino sia interamente statale: la gestione sar\u00e0 centralizzata e il vaccino sar\u00e0 distribuito secondo decisioni mediche e scientifiche.<\/p>\n\n\n\n<p>Dopo una prima fase in cui le vaccinazioni riguarderanno le categorie pi\u00f9 a rischio, si proceder\u00e0 alle vaccinazioni di massa utilizzando grandi spazi pubblici come palestre, spazi aperti e fiere. Tutto ci\u00f2 considerando che allo stato della conoscenza odierna ogni dose ha bisogno di richiamo e non si conosce la durata dell'immunit\u00e0.<\/p>\n\n\n\n<p>Nel piano di Speranza, si rileva inoltre come non si possa far coincidere la terza ondata eventuale con la campagna vaccinale. Per questo, l'obiettivo \u00e8 ora la flessione della curva epidemiologica.<\/p>\n\n\n\n<p>\"Il lavoro per garantire tempistiche veloci e metodi efficaci \u00e8 gi\u00e0 iniziato. Il piano di distribuzione vaccino \u00e8 pronto, frutto di una stretta collaborazione con il commissario Arcuri, i colleghi del ministero della Salute, le ditte farmaceutiche e i presidenti di regione. Fondamentale l'adesione al vaccino, il convincimento di quanto sia importante e imprescindibile. Dobbiamo arrivare a vaccinare almeno il 70% della popolazione. \u00c8 comunque, a mio avviso, irragionevole la vaccinazione obbligatoria\". Lo ha detto il presidente del Consiglio superiore di sanit\u00e0 e membro del Cts Franco Locatelli, ospite della trasmissione \"Carta Bianca\".<\/p>\n\n\n\n<p>\u200bIntanto, la corsa al vaccino prosegue a ritmo accelerato tra le aziende interessate. Biontech e Pfizer hanno presentato la richiesta di autorizzazione per il loro vaccino all'Ema (Agenzia europea dei farmaci), che dovrebbe dare la sua risposta per il 29 dicembre, e il 12 gennaio all'azienda americana Moderna. AstraZeneca ha invece fatto sapere che consegner\u00e0 tutta la documentazione per l'approvazione del vaccino, che sta sviluppando con l'universit\u00e0 di Oxford, alle agenzie regolatorie tra 7 giorni.<\/p>\n\n\n\n<p>L'Ema dal canto suo ha assicurato una valutazione con tempi accelerati per le domande di autorizzazione presentate da BioNTech-Pfizer e Moderna, sempre che i dati presentati saranno sufficientemente solidi per trarre conclusioni sulla qualit\u00e0, sicurezza ed efficacia del vaccino.&nbsp;<\/p>\n\n\n\n<p>Nel dibattito interviene anche il Comitato nazionale di bioetica che, in un parere sul tema, invita a non \"ridurre i tempi della sperimentazione, indispensabili sul piano scientifico, bioetico e biogiuridico, per garantire la qualit\u00e0 e la protezione dei partecipanti\". Per il Comitato, inoltre, non \u00e8 da \"escludere l'obbligatoriet\u00e0 del vaccino in casi di emergenza, soprattutto per i gruppi professionali maggiormente esposti all'infezione e alla sua trasmissione\".<\/p>\n\n\n\n<p>Infine il Cnb ha invitato a considerare il vaccino un \"bene comune\" e a fare una \"riflessione etica nell'ambito delle scelte di distribuzione\". A tal fine anche le aziende farmaceutiche dovranno riconoscere \"la propria responsabilit\u00e0 sociale in questa grave condizione pandemica\" ai fini della produzione e distribuzione.<\/p>\n","protected":false},"excerpt":{"rendered":"<p>Roma, 2 Dic 2020 &#8211; Pronto il piano vaccini anti-Covid: saranno 202 milioni le dosi disponibili dal primo trimestre 2021. Inizialmente, il vaccino andr\u00e0 al&#8230;<\/p>\n","protected":false},"author":2,"featured_media":197920,"comment_status":"closed","ping_status":"open","sticky":false,"template":"","format":"standard","meta":[],"categories":[49,51],"tags":[],"_links":{"self":[{"href":"https:\/\/www.cronacaonline.it\/index.php\/wp-json\/wp\/v2\/posts\/198809"}],"collection":[{"href":"https:\/\/www.cronacaonline.it\/index.php\/wp-json\/wp\/v2\/posts"}],"about":[{"href":"https:\/\/www.cronacaonline.it\/index.php\/wp-json\/wp\/v2\/types\/post"}],"author":[{"embeddable":true,"href":"https:\/\/www.cronacaonline.it\/index.php\/wp-json\/wp\/v2\/users\/2"}],"replies":[{"embeddable":true,"href":"https:\/\/www.cronacaonline.it\/index.php\/wp-json\/wp\/v2\/comments?post=198809"}],"version-history":[{"count":1,"href":"https:\/\/www.cronacaonline.it\/index.php\/wp-json\/wp\/v2\/posts\/198809\/revisions"}],"predecessor-version":[{"id":198810,"href":"https:\/\/www.cronacaonline.it\/index.php\/wp-json\/wp\/v2\/posts\/198809\/revisions\/198810"}],"wp:featuredmedia":[{"embeddable":true,"href":"https:\/\/www.cronacaonline.it\/index.php\/wp-json\/wp\/v2\/media\/197920"}],"wp:attachment":[{"href":"https:\/\/www.cronacaonline.it\/index.php\/wp-json\/wp\/v2\/media?parent=198809"}],"wp:term":[{"taxonomy":"category","embeddable":true,"href":"https:\/\/www.cronacaonline.it\/index.php\/wp-json\/wp\/v2\/categories?post=198809"},{"taxonomy":"post_tag","embeddable":true,"href":"https:\/\/www.cronacaonline.it\/index.php\/wp-json\/wp\/v2\/tags?post=198809"}],"curies":[{"name":"wp","href":"https:\/\/api.w.org\/{rel}","templated":true}]}}