{"id":198715,"date":"2020-11-30T14:46:34","date_gmt":"2020-11-30T13:46:34","guid":{"rendered":"https:\/\/www.cronacaonline.it\/?p=198715"},"modified":"2020-11-30T14:46:36","modified_gmt":"2020-11-30T13:46:36","slug":"ministro-per-le-regioni-boccia-deroghe-spostamenti-a-natale-rigore-per-evitare-terza-ondata","status":"publish","type":"post","link":"https:\/\/www.cronacaonline.it\/index.php\/2020\/11\/30\/ministro-per-le-regioni-boccia-deroghe-spostamenti-a-natale-rigore-per-evitare-terza-ondata\/","title":{"rendered":"Ministro per le regioni Boccia: &#8220;Deroghe spostamenti a Natale? Rigore per evitare terza ondata&#8221;."},"content":{"rendered":"\n<p>Roma, 30 Nov 2020 - Sui ricongiungimenti tra figli e genitori\u00a0\"c'\u00e8 un confronto che andr\u00e0 avanti, ma qui si tratta di dare priorit\u00e0\u00a0assoluta alla difesa delle reti sanitarie. Nessuno penso voglia la\u00a0terza\u00a0ondata\". Lo dice il ministro Francesco Boccia a Rainews24 in\u00a0merito a eventuali deroghe per gli spostamento per consentire i\u00a0ricongiungimenti familiari a Natale per chi abita in\u00a0regioni diverse.\u00a0\"Per evitare la terza ondata dobbiamo continuare nel mese di dicembre\u00a0con il rigore e il distanziamento sociale che devono prevalere su\u00a0qualsiasi esigenza. Molti di noi hanno parenti in un'altra regione, ma\u00a0ognuno di noi vuole che i propri cari stiamo bene e che gli operatori\u00a0sanitari possano lavorare nel miglior modo possibile\".<\/p>\n\n\n\n<p>\"A dicembre con queste misure si pu\u00f2 consentire di rimettere in&nbsp;sicurezza l'intero sistema incrociando la campagna vaccinale in&nbsp;primavera, ma per farlo non possiamo consentire rallentamenti. Io sono&nbsp;per regole chiare e non interpretabili\".&nbsp;Il ministro agli Affari Regionali poi alla domanda se per le festivit\u00e0 natalizie si recher\u00e0 in Puglia, sua terra d'origine, replica:&nbsp;\"Se le regole dicono che non ci si pu\u00f2&nbsp;spostare, io a Natale rester\u00f2 a Roma. Poi il momento dell'abbraccio&nbsp;con i miei genitori e parenti arriver\u00e0 e se arriver\u00e0 in un&nbsp;giorno diverso da quello solito, credo che lo capiranno tutti\".<\/p>\n\n\n\n<p>Il ministro Boccia poi richiama al rispetto delle misure in riferimento alla calca che si \u00e8 registrata questo fine settimana nelle vie dello shopping di Lombardia e Piemonte: \"E' naturale la reazione, c'\u00e8 una comprensibile&nbsp;voglia di tornare in giro. Quello che non \u00e8 naturale \u00e8 il non rispetto delle&nbsp;regole e del distanziamento sociale\".<\/p>\n\n\n\n<p>Rigore anche per quanto riguarda il Capodanno: \"Se decidiamo che c'\u00e8 un limite orario per&nbsp;gli spostamento, che si torna a casa indipendentemente da quello c'\u00e8&nbsp;da fare: c'\u00e8 da festeggiare il Capodanno? Si festeggia a casa\" afferma Boccia.&nbsp;\u00c8 vero che ha detto 'devono passare sul mio cadavere' se salta il&nbsp;coprifuoco alle 22? Viene chiesto a Boccia: \"Si&nbsp;dicono tante cose&nbsp;nelle riunioni e comunque s\u00ec la penso cos\u00ec, come Speranza e tutto il&nbsp;governo. Prudenza e attenzione \u00e8 la nostra linea, una linea che mette&nbsp;la salute davanti a&nbsp;tutto\".&nbsp;In merito al nuovo Dpcm sulle misure anti-Covid, Boccia poi ricorda:&nbsp;\"Domani mattina ci sar\u00e0 una riunione della conferenza&nbsp;Stato-regioni, poi ci sar\u00e0 un confronto&nbsp;parlamentare\" e infine \"il presidente&nbsp;Conte tirer\u00e0 le somme\".<\/p>\n\n\n\n<p>Boccia inoltre sottolinea con forza in merito a un eventuale patrimoniale: \"Non \u00e8 stata mai fatta&nbsp;una proposta in questo senso. Se poi si apre un dibattito su uno dei&nbsp;tanti&nbsp;emendamenti che vengono presentati, va bene ma si tratta di un&nbsp;emendamento sottoscritto da due deputati... La posizione del Pd e&nbsp;del governo \u00e8 chiara: noi siamo per la&nbsp;riduzione delle tasse e per una&nbsp;lotta senza quartiere all'evasione\".&nbsp;Infine su un eventuale rimpasto spiega:&nbsp;\"Ora mettiamo in sicurezza il Paese poi ci&nbsp;sar\u00e0 occasione di fare valutazione su un eventuale rimpasto,&nbsp;sulla tenuta. Chi pensa che questo Governo non abbia una&nbsp;prospettiva di lungo termine fa bene a dirlo, ma facciamolo&nbsp;quando l'emergenza&nbsp;sanitaria non ci sar\u00e0 pi\u00f9\".<\/p>\n","protected":false},"excerpt":{"rendered":"<p>Roma, 30 Nov 2020 &#8211; Sui ricongiungimenti tra figli e genitori\u00a0&#8220;c&#8217;\u00e8 un confronto che andr\u00e0 avanti, ma qui si tratta di dare priorit\u00e0\u00a0assoluta alla difesa&#8230;<\/p>\n","protected":false},"author":2,"featured_media":188894,"comment_status":"closed","ping_status":"open","sticky":false,"template":"","format":"standard","meta":[],"categories":[49,51],"tags":[],"_links":{"self":[{"href":"https:\/\/www.cronacaonline.it\/index.php\/wp-json\/wp\/v2\/posts\/198715"}],"collection":[{"href":"https:\/\/www.cronacaonline.it\/index.php\/wp-json\/wp\/v2\/posts"}],"about":[{"href":"https:\/\/www.cronacaonline.it\/index.php\/wp-json\/wp\/v2\/types\/post"}],"author":[{"embeddable":true,"href":"https:\/\/www.cronacaonline.it\/index.php\/wp-json\/wp\/v2\/users\/2"}],"replies":[{"embeddable":true,"href":"https:\/\/www.cronacaonline.it\/index.php\/wp-json\/wp\/v2\/comments?post=198715"}],"version-history":[{"count":1,"href":"https:\/\/www.cronacaonline.it\/index.php\/wp-json\/wp\/v2\/posts\/198715\/revisions"}],"predecessor-version":[{"id":198716,"href":"https:\/\/www.cronacaonline.it\/index.php\/wp-json\/wp\/v2\/posts\/198715\/revisions\/198716"}],"wp:featuredmedia":[{"embeddable":true,"href":"https:\/\/www.cronacaonline.it\/index.php\/wp-json\/wp\/v2\/media\/188894"}],"wp:attachment":[{"href":"https:\/\/www.cronacaonline.it\/index.php\/wp-json\/wp\/v2\/media?parent=198715"}],"wp:term":[{"taxonomy":"category","embeddable":true,"href":"https:\/\/www.cronacaonline.it\/index.php\/wp-json\/wp\/v2\/categories?post=198715"},{"taxonomy":"post_tag","embeddable":true,"href":"https:\/\/www.cronacaonline.it\/index.php\/wp-json\/wp\/v2\/tags?post=198715"}],"curies":[{"name":"wp","href":"https:\/\/api.w.org\/{rel}","templated":true}]}}