{"id":198673,"date":"2020-11-30T09:19:55","date_gmt":"2020-11-30T08:19:55","guid":{"rendered":"https:\/\/www.cronacaonline.it\/?p=198673"},"modified":"2020-11-30T09:19:59","modified_gmt":"2020-11-30T08:19:59","slug":"casa-bianca-al-femminile-biden-sceglie-7-donne-per-la-comunicazione","status":"publish","type":"post","link":"https:\/\/www.cronacaonline.it\/index.php\/2020\/11\/30\/casa-bianca-al-femminile-biden-sceglie-7-donne-per-la-comunicazione\/","title":{"rendered":"Casa Bianca al femminile, Biden sceglie 7 donne per la comunicazione."},"content":{"rendered":"\n<p>Cagliari, 30 Nov 2020 - Jen Psaki sar\u00e0 la nuova portavoce della Casa Bianca al femminile insieme a Karine Jean-Pierre, vice portavoce, Kate Bedingfield direttrice della comunicazione, Pili Tobar vicedirettrice, Elizabeth Alexander portavoce della futura first lady Jill Biden, Ashley Etienne direttrice della comunicazione della vicepresidente, Symone Sanders portavoce della vicepresidente.<\/p>\n\n\n\n<p>\"Sono orgoglioso di annunciare il primo team di comunicazione della Casa Bianca composto interamente da donne. Queste comunicatrici qualificate ed esperte apportano prospettive diverse al loro lavoro e&nbsp;un impegno condiviso per ricostruire meglio questo Paese\", ha dichiarato Joe Biden.<\/p>\n\n\n\n<p>Psaki, veterana dei democratici con ruolo di direttore delle comunicazioni della Casa Bianca con Barack Obama, sar\u00e0 l'addetta stampa della Casa Bianca di Joe Biden. Al suo fianco ci sar\u00e0 Kate Bedingfield, un'aiutante del neopresidente di lunga data che \u00e8 stata la direttrice della sua campagna di comunicazione.&nbsp;\"Comunicare direttamente e sinceramente al popolo americano \u00e8 uno dei compiti pi\u00f9 importanti di un Presidente, e a questa squadra sar\u00e0 affidata l'enorme responsabilit\u00e0 di collegare il popolo americano alla Casa Bianca\", afferma Biden in una nota. \"Questi comunicatori qualificati ed esperti portano nel loro lavoro prospettive diverse e un impegno condiviso per ricostruire meglio questo Paese\", ha aggiunto.<\/p>\n\n\n\n<p>Con uno sguardo al femminile saranno assegnati anche posizioni chiave di politica economica, tra cui spicca la nomina di Neera Tanden a direttore dell'influente Ufficio di Gestione e Bilancio e la probabile scelta di Cecilia Rouse come presidente del Consiglio dei tre membri del Consiglio dei consulenti economici, affiancata dagli economisti Jared Bernstein e Heather Boushey.&nbsp;La Rouse,&nbsp;economista del lavoro dell'Universit\u00e0 di Princeton, sarebbe la prima donna di colore a presiedere il consiglio.<\/p>\n","protected":false},"excerpt":{"rendered":"<p>Cagliari, 30 Nov 2020 &#8211; Jen Psaki sar\u00e0 la nuova portavoce della Casa Bianca al femminile insieme a Karine Jean-Pierre, vice portavoce, Kate Bedingfield direttrice&#8230;<\/p>\n","protected":false},"author":2,"featured_media":193435,"comment_status":"closed","ping_status":"open","sticky":false,"template":"","format":"standard","meta":[],"categories":[49,51],"tags":[],"_links":{"self":[{"href":"https:\/\/www.cronacaonline.it\/index.php\/wp-json\/wp\/v2\/posts\/198673"}],"collection":[{"href":"https:\/\/www.cronacaonline.it\/index.php\/wp-json\/wp\/v2\/posts"}],"about":[{"href":"https:\/\/www.cronacaonline.it\/index.php\/wp-json\/wp\/v2\/types\/post"}],"author":[{"embeddable":true,"href":"https:\/\/www.cronacaonline.it\/index.php\/wp-json\/wp\/v2\/users\/2"}],"replies":[{"embeddable":true,"href":"https:\/\/www.cronacaonline.it\/index.php\/wp-json\/wp\/v2\/comments?post=198673"}],"version-history":[{"count":1,"href":"https:\/\/www.cronacaonline.it\/index.php\/wp-json\/wp\/v2\/posts\/198673\/revisions"}],"predecessor-version":[{"id":198674,"href":"https:\/\/www.cronacaonline.it\/index.php\/wp-json\/wp\/v2\/posts\/198673\/revisions\/198674"}],"wp:featuredmedia":[{"embeddable":true,"href":"https:\/\/www.cronacaonline.it\/index.php\/wp-json\/wp\/v2\/media\/193435"}],"wp:attachment":[{"href":"https:\/\/www.cronacaonline.it\/index.php\/wp-json\/wp\/v2\/media?parent=198673"}],"wp:term":[{"taxonomy":"category","embeddable":true,"href":"https:\/\/www.cronacaonline.it\/index.php\/wp-json\/wp\/v2\/categories?post=198673"},{"taxonomy":"post_tag","embeddable":true,"href":"https:\/\/www.cronacaonline.it\/index.php\/wp-json\/wp\/v2\/tags?post=198673"}],"curies":[{"name":"wp","href":"https:\/\/api.w.org\/{rel}","templated":true}]}}