{"id":198519,"date":"2020-11-27T07:19:48","date_gmt":"2020-11-27T06:19:48","guid":{"rendered":"https:\/\/www.cronacaonline.it\/?p=198519"},"modified":"2020-11-27T07:19:49","modified_gmt":"2020-11-27T06:19:49","slug":"il-primo-ministro-giuseppe-conte-ieri-ha-affermato-che-oggi-si-aspetta-rt-all1-e-regioni-da-rosse-a-arancioni","status":"publish","type":"post","link":"https:\/\/www.cronacaonline.it\/index.php\/2020\/11\/27\/il-primo-ministro-giuseppe-conte-ieri-ha-affermato-che-oggi-si-aspetta-rt-all1-e-regioni-da-rosse-a-arancioni\/","title":{"rendered":"Il primo Ministro Giuseppe Conte ieri ha affermato che oggi si aspetta Rt all&#8217;1 e regioni da rosse a arancioni."},"content":{"rendered":"\n<p>Roma, 27 Nov 2020 - \"Oggi \u00e8 una giornata importante. Mi aspetto un Rt nazionale all'1, sarebbe un segnale importante, e che molte regioni che sono rosse diventino arancioni o gialle. Questo significherebbe misure meno restrittive per i cittadini\". Lo dice il presidente del Consiglio Giuseppe Conte in un'intervista al Tg5.<\/p>\n\n\n\n<p>Che la curva del contagio si stia abbassando deriva dal \"senso di responsabilit\u00e0 della stragrande maggioranza degli italiani: ancora una volta, pur in mesi difficili, stanno rispettando le regole e stanno dando ancora una volta una grande prova di responsabilit\u00e0. In pi\u00f9 il governo ha adottato un sistema di monitoraggio che sta funzionando, con misure chirurgiche ancor pi\u00f9 circoscritte\".<\/p>\n\n\n\n<p>\u201c\u00c8 necessario fare ancora sacrifici, non possiamo abbassare la guardia, sar\u00e0 un Natale diverso, ma non possiamo ritrovarci con alto numero di decessi e con un nuovo stress sulle strutture sanitarie,\" ha detto Conte.<\/p>\n\n\n\n<p>\"Oggi \u00e8 stato dato un bel segnale, un segnale importante: oggi la politica nel suo complesso ha dato un segno di unit\u00e0 a tutta la comunit\u00e0 nazionale\". Cos\u00ec Giuseppe Conte, in merito alla votazione sullo scostamento di bilancio che ha avuto il s\u00ec anche delle opposizioni. \"Oggi - aggiunge - non ha rischiato Conte perch\u00e9 le forze di maggioranza sono ben coese e salde e non ha rischiato neanche il Cavaliere Berlusconi, a cu bisogna riconoscere il merito di aver sempre avuto con Forza Italia questa apertura al&nbsp;dialogo, questo approccio costruttivo, e il fatto che anche le altre forze di opposizione abbiano convenuto su questa posizione \u00e8 un segnale bello per tutto il Paese\". \"Auspico che questo dialogo continui - aggiunge Conte - se ci fosse questo contributo critico pur nel rispetto dei ruoli sarebbe un bene per tutto il Paese specialmente in questo momento cos\u00ec drammatico\".&nbsp;<\/p>\n","protected":false},"excerpt":{"rendered":"<p>Roma, 27 Nov 2020 &#8211; &#8220;Oggi \u00e8 una giornata importante. Mi aspetto un Rt nazionale all&#8217;1, sarebbe un segnale importante, e che molte regioni che&#8230;<\/p>\n","protected":false},"author":2,"featured_media":196792,"comment_status":"closed","ping_status":"open","sticky":false,"template":"","format":"standard","meta":[],"categories":[49,51],"tags":[],"_links":{"self":[{"href":"https:\/\/www.cronacaonline.it\/index.php\/wp-json\/wp\/v2\/posts\/198519"}],"collection":[{"href":"https:\/\/www.cronacaonline.it\/index.php\/wp-json\/wp\/v2\/posts"}],"about":[{"href":"https:\/\/www.cronacaonline.it\/index.php\/wp-json\/wp\/v2\/types\/post"}],"author":[{"embeddable":true,"href":"https:\/\/www.cronacaonline.it\/index.php\/wp-json\/wp\/v2\/users\/2"}],"replies":[{"embeddable":true,"href":"https:\/\/www.cronacaonline.it\/index.php\/wp-json\/wp\/v2\/comments?post=198519"}],"version-history":[{"count":1,"href":"https:\/\/www.cronacaonline.it\/index.php\/wp-json\/wp\/v2\/posts\/198519\/revisions"}],"predecessor-version":[{"id":198520,"href":"https:\/\/www.cronacaonline.it\/index.php\/wp-json\/wp\/v2\/posts\/198519\/revisions\/198520"}],"wp:featuredmedia":[{"embeddable":true,"href":"https:\/\/www.cronacaonline.it\/index.php\/wp-json\/wp\/v2\/media\/196792"}],"wp:attachment":[{"href":"https:\/\/www.cronacaonline.it\/index.php\/wp-json\/wp\/v2\/media?parent=198519"}],"wp:term":[{"taxonomy":"category","embeddable":true,"href":"https:\/\/www.cronacaonline.it\/index.php\/wp-json\/wp\/v2\/categories?post=198519"},{"taxonomy":"post_tag","embeddable":true,"href":"https:\/\/www.cronacaonline.it\/index.php\/wp-json\/wp\/v2\/tags?post=198519"}],"curies":[{"name":"wp","href":"https:\/\/api.w.org\/{rel}","templated":true}]}}