{"id":197810,"date":"2020-11-14T08:52:04","date_gmt":"2020-11-14T07:52:04","guid":{"rendered":"https:\/\/www.cronacaonline.it\/?p=197810"},"modified":"2020-11-14T08:52:06","modified_gmt":"2020-11-14T07:52:06","slug":"maltempo-in-italia-fine-settimana-tra-nuvole-e-pioggia-giu-la-colonnina-del-mercurio","status":"publish","type":"post","link":"https:\/\/www.cronacaonline.it\/index.php\/2020\/11\/14\/maltempo-in-italia-fine-settimana-tra-nuvole-e-pioggia-giu-la-colonnina-del-mercurio\/","title":{"rendered":"Maltempo in Italia: fine settimana tra nuvole e pioggia. Gi\u00f9 la colonnina del mercurio."},"content":{"rendered":"\n<p>Cagliari, 14 Nov 2020 - La bassa pressione lascer\u00e0 il posto al maltempo e a temperature pi\u00f9 rigide. Un arrivo da \u201candamento lento\u201d con temporali su Lazio, Umbria e Campania settentrionale nella giornata di sabato. Domenica le correnti via via pi\u00f9 umide, trasporteranno i fronti nuvolosi, nel centro Italia, mentre al sud il protagonista sar\u00e0 il sole e temperature mite.<\/p>\n\n\n\n<p>A partire da luned\u00ec il movimento verso Nord dell'alta pressione favorir\u00e0 l'arrivo di una perturbazione pi\u00f9 intensa in discesa dal Nord Europa e che sar\u00e0 seguita da venti di Bora e Tramontana che faranno calare le temperature su tutto il Paese.<\/p>\n\n\n\n<p>Le precipitazioni dal Nordest si estenderanno rapidamente al Centro e poi al Sud, anche sotto forma di temporali e grandinate, decisamente fuori stagione.<\/p>\n\n\n\n<p>Da marted\u00ec il tempo migliorer\u00e0 al Centro-Nord con sole e pi\u00f9 freddo, il maltempo si concentrer\u00e0 al Sud dove soffieranno venti forti settentrionali.<\/p>\n","protected":false},"excerpt":{"rendered":"<p>Cagliari, 14 Nov 2020 &#8211; La bassa pressione lascer\u00e0 il posto al maltempo e a temperature pi\u00f9 rigide. Un arrivo da \u201candamento lento\u201d con temporali&#8230;<\/p>\n","protected":false},"author":2,"featured_media":195157,"comment_status":"closed","ping_status":"open","sticky":false,"template":"","format":"standard","meta":[],"categories":[49,51],"tags":[],"_links":{"self":[{"href":"https:\/\/www.cronacaonline.it\/index.php\/wp-json\/wp\/v2\/posts\/197810"}],"collection":[{"href":"https:\/\/www.cronacaonline.it\/index.php\/wp-json\/wp\/v2\/posts"}],"about":[{"href":"https:\/\/www.cronacaonline.it\/index.php\/wp-json\/wp\/v2\/types\/post"}],"author":[{"embeddable":true,"href":"https:\/\/www.cronacaonline.it\/index.php\/wp-json\/wp\/v2\/users\/2"}],"replies":[{"embeddable":true,"href":"https:\/\/www.cronacaonline.it\/index.php\/wp-json\/wp\/v2\/comments?post=197810"}],"version-history":[{"count":1,"href":"https:\/\/www.cronacaonline.it\/index.php\/wp-json\/wp\/v2\/posts\/197810\/revisions"}],"predecessor-version":[{"id":197811,"href":"https:\/\/www.cronacaonline.it\/index.php\/wp-json\/wp\/v2\/posts\/197810\/revisions\/197811"}],"wp:featuredmedia":[{"embeddable":true,"href":"https:\/\/www.cronacaonline.it\/index.php\/wp-json\/wp\/v2\/media\/195157"}],"wp:attachment":[{"href":"https:\/\/www.cronacaonline.it\/index.php\/wp-json\/wp\/v2\/media?parent=197810"}],"wp:term":[{"taxonomy":"category","embeddable":true,"href":"https:\/\/www.cronacaonline.it\/index.php\/wp-json\/wp\/v2\/categories?post=197810"},{"taxonomy":"post_tag","embeddable":true,"href":"https:\/\/www.cronacaonline.it\/index.php\/wp-json\/wp\/v2\/tags?post=197810"}],"curies":[{"name":"wp","href":"https:\/\/api.w.org\/{rel}","templated":true}]}}