{"id":197795,"date":"2020-11-13T17:17:44","date_gmt":"2020-11-13T16:17:44","guid":{"rendered":"https:\/\/www.cronacaonline.it\/?p=197795"},"modified":"2020-11-13T17:17:46","modified_gmt":"2020-11-13T16:17:46","slug":"coronavirus-liss-mette-la-campania-e-la-toscana-in-zona-rossa","status":"publish","type":"post","link":"https:\/\/www.cronacaonline.it\/index.php\/2020\/11\/13\/coronavirus-liss-mette-la-campania-e-la-toscana-in-zona-rossa\/","title":{"rendered":"Coronavirus, l\u2019Iss mette la Campania e la Toscana in &#8220;zona rossa&#8221;."},"content":{"rendered":"\n<p>Roma, 13 Nov 2020 - Aumenta il numero delle regioni in fascia rossa, quella con un alto livello di rischio.<\/p>\n\n\n\n<p>Dalla Cabina di regia ministero della Salute-Iss, insieme a tre rappresentanti delle regioni, \u00e8 emersa l'indicazione di spostare in fascia rossa Campania e Toscana, che si aggiungono cos\u00ec a Calabria, Lombardia, Piemonte, Provincia di Bolzano e Val d'Aosta.&nbsp; Al livello arancione, invece, passano Emilia Romagna, Friuli e Marche.<\/p>\n\n\n\n<p>La relazione sar\u00e0 esaminata dal Comitato tecnico-scientifico, e il ministro della Salute Roberto Speranza firmer\u00e0 in serata una nuova ordinanza che andr\u00e0 in vigore a partire da domenica 15 novembre.<\/p>\n\n\n\n<p>\"Prima di pubblicare l'ordinanza ho voluto chiamare personalmente il ministro Speranza che mi ha notiziato che la Campania \u00e8 zona rossa\". Cos\u00ec il sindaco di Napoli, Luigi de Magistris, in un video su Fb.&nbsp;<\/p>\n","protected":false},"excerpt":{"rendered":"<p>Roma, 13 Nov 2020 &#8211; Aumenta il numero delle regioni in fascia rossa, quella con un alto livello di rischio. Dalla Cabina di regia ministero&#8230;<\/p>\n","protected":false},"author":2,"featured_media":191309,"comment_status":"closed","ping_status":"open","sticky":false,"template":"","format":"standard","meta":[],"categories":[49,51],"tags":[],"_links":{"self":[{"href":"https:\/\/www.cronacaonline.it\/index.php\/wp-json\/wp\/v2\/posts\/197795"}],"collection":[{"href":"https:\/\/www.cronacaonline.it\/index.php\/wp-json\/wp\/v2\/posts"}],"about":[{"href":"https:\/\/www.cronacaonline.it\/index.php\/wp-json\/wp\/v2\/types\/post"}],"author":[{"embeddable":true,"href":"https:\/\/www.cronacaonline.it\/index.php\/wp-json\/wp\/v2\/users\/2"}],"replies":[{"embeddable":true,"href":"https:\/\/www.cronacaonline.it\/index.php\/wp-json\/wp\/v2\/comments?post=197795"}],"version-history":[{"count":1,"href":"https:\/\/www.cronacaonline.it\/index.php\/wp-json\/wp\/v2\/posts\/197795\/revisions"}],"predecessor-version":[{"id":197796,"href":"https:\/\/www.cronacaonline.it\/index.php\/wp-json\/wp\/v2\/posts\/197795\/revisions\/197796"}],"wp:featuredmedia":[{"embeddable":true,"href":"https:\/\/www.cronacaonline.it\/index.php\/wp-json\/wp\/v2\/media\/191309"}],"wp:attachment":[{"href":"https:\/\/www.cronacaonline.it\/index.php\/wp-json\/wp\/v2\/media?parent=197795"}],"wp:term":[{"taxonomy":"category","embeddable":true,"href":"https:\/\/www.cronacaonline.it\/index.php\/wp-json\/wp\/v2\/categories?post=197795"},{"taxonomy":"post_tag","embeddable":true,"href":"https:\/\/www.cronacaonline.it\/index.php\/wp-json\/wp\/v2\/tags?post=197795"}],"curies":[{"name":"wp","href":"https:\/\/api.w.org\/{rel}","templated":true}]}}