{"id":197183,"date":"2020-11-02T17:20:03","date_gmt":"2020-11-02T16:20:03","guid":{"rendered":"https:\/\/www.cronacaonline.it\/?p=197183"},"modified":"2020-11-02T17:20:05","modified_gmt":"2020-11-02T16:20:05","slug":"coronavirus-conte-nuove-misure-in-base-ai-territori-nel-dpcm-3-aree-e-3-scenari-di-rischio","status":"publish","type":"post","link":"https:\/\/www.cronacaonline.it\/index.php\/2020\/11\/02\/coronavirus-conte-nuove-misure-in-base-ai-territori-nel-dpcm-3-aree-e-3-scenari-di-rischio\/","title":{"rendered":"Coronavirus, Conte: &#8220;Nuove misure in base ai territori, nel Dpcm 3 aree e 3 scenari di rischio&#8221;."},"content":{"rendered":"\n<p>Roma - \"Il governo \u00e8 sempre stato e sempre rimarr\u00e0 consapevole della piena responsabilit\u00e0 di fronte al paese di fronte a ogni decisione per la salvezza del paese\". Cos\u00ec il premier Giuseppe Conte alla Camera per le comunicazioni sulla situazione epidemiologica e sulle eventuali nuove misure per fronteggiare il Covid. \"La curva corre in ogni Continente. L'Ue all'interno di un quadro globale \u00e8 una delle aree pi\u00f9 colpite dall'urto della seconda ondata. Nelle ultime settimane l'incremento di casi Covid \u00e8 stato di 150 contagi per ogni 100 mila abitanti ed anche nel nostro Paese la situazione \u00e8 in peggioramento, la recrudescenza ha condotto ad una moltiplicazione significativa dei contagi\".<\/p>\n\n\n\n<p>\"L'evoluzione dell'epidemia risulta molto preoccupante\"&nbsp;si va verso uno scenario di tipo 4, \"c'\u00e8 il rischio tenuta dei servizi sanitari in alcune regioni\", ha detto il premier. \"Il quadro \u00e8 grave su tutto il territorio nazionale\" ma soprattutto in alcune regioni e province autonome, ha aggiunto. \"L'interlocuzione con il Parlamento e il pieno coinvolgimento di tutte le forze politiche qui rappresentate costituiscono passaggi fondamentali\", dice Conte. Gli ultimi dati del report dell'Iss hanno \"costretto a prefigurare un nuovo corpus di misure restrittive da adottare prima di mercoled\u00ec 4 novembre\".<\/p>\n\n\n\n<p>\"No ad un regime indistinto sul territorio\" spiega il premier. \"Il prossimo Dpcm individuer\u00e0 tre aree corrispondenti a tre aree di rischio&nbsp;con misure via via pi\u00f9 restrittive. L'inserimento di una Regione avverr\u00e0 con un'ordinanza del ministro della Salute\".&nbsp;Questi scenari \"dovranno tener conto - ha spiegato tra l'altro il premier - dell'indice di replicabilit\u00e0 del virus, dei focolai e della situazione dell'occupazione dei posti letto negli ospedali\".<\/p>\n\n\n\n<p>Il governo prevede di adottare a livello nazionale \"limiti alla circolazione delle persone nella fascia serale pi\u00f9 tarda\".<\/p>\n\n\n\n<p>Il governo prevede a livello nazionale \"la riduzione al 50 % del limite di capienza dei mezzi pubblici locali\" dice in aula Conte. Nel dpcm si prevede \"anche integralmente\" la didattica a distanza per le scuole di secondo grado\".<\/p>\n\n\n\n<p>\"Per l'intero territorio nazionale intendiamo intervenire solo con alcune specifiche misure che contribuiscano a rafforzare il contenimento e la mitigazione del contagio. Chiudiamo nei giorni festivi e prefestivi i centri commerciali ad eccezione di negozi alimentari&nbsp;parafarmacie e farmacie ed edicole dentro i centri. Chiudiamo i corner per le scommesse e giochi ovunque siano, chiuderanno anche musei e mostre\" annuncia.<\/p>\n\n\n\n<p>\"Introdurremo il limite agli spostamenti da e verso le regioni con elevati coefficienti di rischio\" salvo esigenze di lavoro, studio e salute\".<\/p>\n\n\n\n<p>\"Non stiamo subendo un'insostenibile pressione nei reparti di terapia intensiva ma registriamo un crescente preoccupante affollamento negli altri reparti come le terapie sub intensive e le aree mediche in generale\" sottolinea poi Conte sostenendo che i dati \"confermano che c'\u00e8 una rilevante differenza rispetto alla prima ondata\" anche in termini di risposta sanitaria e presidi ed equipaggiamenti medici. Per\u00f2 c'\u00e8 \"un'alta probabilit\u00e0 che 15 regioni superino le soglie individuate come critiche di terapia intensiva e di aree mediche nel prossimo mese\".<\/p>\n\n\n\n<p>\"L'aumento dei contagi \u00e8 anche il risultato di una accresciuta capacit\u00e0 di screening. Abbiamo toccato punta di 215mila tamponi al giorno. Sono stati testati poco meno di 10 milioni di cittadini\", prosegue il premier. \"La cura presso i domicili serve per alleggerire gli ospedali, Arcuri ha acquistato 10 milioni di test rapidi in modo da ridurre le quarantene. \u00c8 stata avviata una richiesta per tamponi molecolari che porter\u00e0 250 mila tamponi molecolari al giorno. In questo modo aumenter\u00e0 lo screening della popolazione italiana fino ad arrivare a 350 mila test al giorno, con uno scenario avverso disporremo anche di personale militare, ha sottolineato il presidente del Consiglio. \"Nell'ultima settimana 11 regioni sono classificate a rischio elevato o molto elevato, altre 8 sono classificato a rischio moderato e una probabilit\u00e0 di progredire a rischio alto nel prossimo mese. L'Rt al momento si colloca a 1,7 con un indice inferiore a 1,5 in poche regioni, in alcune regioni il dato risulta superiore alla media nazionale\", ha osservato. \"Gli italiani contagiati sono di numero ben pi\u00f9 elevato rispetto alla prima ondata anche se la qualit\u00e0 dei contagi \u00e8 diversa e inferiore. Oggi fino al 95% per cento delle persone presentano sintomi lievi\".<\/p>\n\n\n\n<p>\"Rimetto al Parlamento ogni decisione rispetto alla necessit\u00e0 di misure necessarie con la massima speditezza\" che dovr\u00e0 prendere il governo a causa di \"un repentino\" aumento del contagio, ha spiegato Conte. \"Il Parlamento potr\u00e0 esprimersi prima\" dei provvedimenti del governo e do la mia disponibilit\u00e0 ad accogliere i rilievi che arriveranno\".<\/p>\n\n\n\n<p>Poi a proposito della proposta fatta alle opposizioni dice:&nbsp;\"Ho prospettato ai leader delle opposizioni un tavolo di confronto con il governo\", \"al momento questa proposta \u00e8 stata rifiutata, se ci sono ripensamenti posso confermare che la proposta \u00e8 immutata e non sottende confusione di ruoli \".<\/p>\n\n\n\n<p>\"Siamo consapevoli della frustrazione e della rabbia dei cittadini che si trovano a convivere con nuove limitazioni alle libert\u00e0 personali. Conosciamo le ripercussioni che le restrizioni avranno sulla situazione economica\" ha poi precisato il premier. E ha ribadito: \"Non ci pu\u00f2 essere dilemma tra protezione della salute ed economia. Tanto pi\u00f9 saremo in grado di piegare la curva dei contagi tanto pi\u00f9 potremo allentare le restrizioni\".<\/p>\n\n\n\n<p>\"In caso di scenario particolarmente avverso, in raccordo con il ministro della Difesa, che ringrazio, potremmo disporre di mezzi e di personale medico militare in parte gi\u00e0 attualmente operativo\" ha osservato inoltre Conte. \"Potranno essere resi disponibili, in parte immediatamente, in parte all'esito di procedure di reclutamento, 453 medici e 867 infermieri militari - ha spiegato il premier -. Inoltre il personale sanitario militare \u00e8 attualmente impegnato nei drive through della Difesa su tutto il territorio nazionale e abbiamo un Covid Hospital a Roma e il covid hospital a Milano e a Taranto. Siamo anche in condizione di intervenire con 4 strutture sanitarie da campo dell'esercito, dove necessario, impiegabili con un preavviso a partire da 72 ore in gi\u00f9\".<\/p>\n\n\n\n<p>Infine un appello alle forze politiche e al Paese. \"Nessuno pu\u00f2 sentirsi esonerato da questa sfida di portata storica. Rinnovo l'invito a tutte le forze e le energie del Paese: restiamo uniti in questo drammatico momento, in nome dell'unit\u00e0 e dei valori a fondamento del nostro quadro costituzionale\" ha concluso.<\/p>\n\n\n\n<p>La maggioranza impegna il Governo \"a intervenire in costante confronto con le Regioni con misure restrittive crescenti, adeguate all'evoluzione della pandemia, che siano ispirate ai principi di massima precauzione, di proporzionalit\u00e0 e di adeguatezza, sulla base di parametri oggettivi che consentano di non sottovalutare la severit\u00e0 e l'imprevedibilit\u00e0 della pandemia stessa, che continua a crescere con preoccupante rapidit\u00e0\". E' uno degli impegni contenuti nella risoluzione unitaria della maggioranza presentata alla Camera sulle comunicazioni del premier Giuseppe Conte sul nuovo Dpcm.<\/p>\n\n\n\n<p>L'Aula della Camera ha approvato la risoluzione di maggioranza presentata dopo le comunicazioni del presidente del Consiglio, Giuseppe Conte, sull'emergenza Covid 19. Il documento ha registrato 284 s\u00ec&nbsp;e un solo voto contrario (con 178 astensioni, da centrodestra).&nbsp; L'Assemblea ha inoltre approvato con 464 voti favorevoli, 2 contrari e un'astensione quattro impegni per il Governo&nbsp;previsti dalla risoluzione del centrodestra, sulle quali il Governo si era espresso favorevolmente: garanzia di misure a favore dei soggetti pi\u00f9&nbsp;deboli coinvolti nella pandemia e di quelle per potenziare la sicurezza nelle scuole. Bocciato, invece, il resto del documento.<\/p>\n","protected":false},"excerpt":{"rendered":"<p>Roma &#8211; &#8220;Il governo \u00e8 sempre stato e sempre rimarr\u00e0 consapevole della piena responsabilit\u00e0 di fronte al paese di fronte a ogni decisione per la&#8230;<\/p>\n","protected":false},"author":2,"featured_media":188173,"comment_status":"closed","ping_status":"open","sticky":false,"template":"","format":"standard","meta":[],"categories":[49,51],"tags":[],"_links":{"self":[{"href":"https:\/\/www.cronacaonline.it\/index.php\/wp-json\/wp\/v2\/posts\/197183"}],"collection":[{"href":"https:\/\/www.cronacaonline.it\/index.php\/wp-json\/wp\/v2\/posts"}],"about":[{"href":"https:\/\/www.cronacaonline.it\/index.php\/wp-json\/wp\/v2\/types\/post"}],"author":[{"embeddable":true,"href":"https:\/\/www.cronacaonline.it\/index.php\/wp-json\/wp\/v2\/users\/2"}],"replies":[{"embeddable":true,"href":"https:\/\/www.cronacaonline.it\/index.php\/wp-json\/wp\/v2\/comments?post=197183"}],"version-history":[{"count":1,"href":"https:\/\/www.cronacaonline.it\/index.php\/wp-json\/wp\/v2\/posts\/197183\/revisions"}],"predecessor-version":[{"id":197184,"href":"https:\/\/www.cronacaonline.it\/index.php\/wp-json\/wp\/v2\/posts\/197183\/revisions\/197184"}],"wp:featuredmedia":[{"embeddable":true,"href":"https:\/\/www.cronacaonline.it\/index.php\/wp-json\/wp\/v2\/media\/188173"}],"wp:attachment":[{"href":"https:\/\/www.cronacaonline.it\/index.php\/wp-json\/wp\/v2\/media?parent=197183"}],"wp:term":[{"taxonomy":"category","embeddable":true,"href":"https:\/\/www.cronacaonline.it\/index.php\/wp-json\/wp\/v2\/categories?post=197183"},{"taxonomy":"post_tag","embeddable":true,"href":"https:\/\/www.cronacaonline.it\/index.php\/wp-json\/wp\/v2\/tags?post=197183"}],"curies":[{"name":"wp","href":"https:\/\/api.w.org\/{rel}","templated":true}]}}