{"id":197144,"date":"2020-11-02T11:28:31","date_gmt":"2020-11-02T10:28:31","guid":{"rendered":"https:\/\/www.cronacaonline.it\/?p=197144"},"modified":"2020-11-02T11:28:32","modified_gmt":"2020-11-02T10:28:32","slug":"covid_19-allo-studio-del-governo-il-prossimo-dpcm-si-tratta-con-le-regioni-sulle-chiusure","status":"publish","type":"post","link":"https:\/\/www.cronacaonline.it\/index.php\/2020\/11\/02\/covid_19-allo-studio-del-governo-il-prossimo-dpcm-si-tratta-con-le-regioni-sulle-chiusure\/","title":{"rendered":"Covid_19 \u2013 Allo studio del Governo il prossimo Dpcm: si tratta con le Regioni sulle chiusure."},"content":{"rendered":"\n<p>Roma - Braccio di ferro governo-Regioni sulle misure del nuovo Decreto del Presidente del Consiglio dei Ministri. Infatti, i presidenti (e non governatori che in Italia non esistono ma solo presidenti di regione, ndr), hanno chiesto regole nazionali, mentre Conte punta a stabilire 'zone rosse' in base alla diffusione territoriale del virus indicata dall'indice Rt.<\/p>\n\n\n\n<p>Quindi si propone il divieto di circolazione alle 18 o alle 21, limitazioni per le persone oltre i 70 anni (una bestialit\u00e0 nazionale come se solo gli anziani siano gli untori), interruzione della mobilit\u00e0 tra Regioni (salvo ragioni di lavoro) e chiusura dei centri commerciali nei fine settimana le misure. Queste le ipotesi allo studio della maggioranza cercando l\u2019accordo con le opposizioni).<\/p>\n\n\n\n<p>Perci\u00f2 si pensa alla chiusura dei musei, dopo quella gi\u00e0 avvenuta dei cinema e teatri. Poi, nelle aree a maggior contagio, si pensa a bar e ristoranti chiusi anche a pranzo; per la scuola Didattica a distanza alle superiori e alle medie, dalla seconda e obbligo di mascherina per le lezioni in presenza&nbsp;di elementari e prima media. A questo punto per cercare di trovare un accordo che soddisfi tutti, \u00e8 possibile che il decreto del presidente del Consiglio slitti a marted\u00ec invece che a questa sera, come previsto in un primo momento.&nbsp;<\/p>\n\n\n\n<p>Alle 8 di questa mattina vi \u00e8 stata una nuova riunione tra Conte e i capidelegazione. Il premier far\u00e0 comunicazioni alla Camera alle 12 e al Senato alle 18, a cui seguiranno voti sulle risoluzioni.<\/p>\n\n\n\n<p>Tra i presidenti di regione c\u2019\u00e8 chi chiede misure pi\u00f9 restrittive e univoche su tutto il territorio nazionale, come la Lombardia. \u201cLa diffusione del virus \u00e8 uniforme in tutto il Paese. Le differenze riguardano l\u2019ampiezza del tracciamento che varia da regione a regione\u201d. \u201cUlteriori azioni di contrasto al virus dovranno a loro volta essere uniformi. Una serie di interventi territorio per territorio, polverizzati e non omogenei, sarebbero probabilmente inefficaci e anche incomprensibili ai cittadini, che gi\u00e0 oggi sono disorientati\u201d, afferma il governatore Attilio Fontana. E c'\u00e8 chi, come Luca Zaia, pensa che la chiusura generalizzata non \u00e8 sostenibile e non serve\u201d. Dal canto suo il Governo nazionale preferirebbe lasciare alle Regioni il compito di adottare misure pi\u00f9 restrittive sulla base del quadro epidemiologico del territori.<\/p>\n\n\n\n<p>Intanto dal Presidente della Repubblica, Sergio Mattarella, arriva un appello all\u2019unit\u00e0. Il messaggio del presidente \u00e8 arrivato ieri dal Cimitero di Castegnato, in provincia di Brescia, dove Mattarella, si \u00e8 recato per rendere omaggio a tutte le vittime del Covid.<\/p>\n","protected":false},"excerpt":{"rendered":"<p>Roma &#8211; Braccio di ferro governo-Regioni sulle misure del nuovo Decreto del Presidente del Consiglio dei Ministri. Infatti, i presidenti (e non governatori che in&#8230;<\/p>\n","protected":false},"author":2,"featured_media":188638,"comment_status":"closed","ping_status":"open","sticky":false,"template":"","format":"standard","meta":[],"categories":[49,51],"tags":[],"_links":{"self":[{"href":"https:\/\/www.cronacaonline.it\/index.php\/wp-json\/wp\/v2\/posts\/197144"}],"collection":[{"href":"https:\/\/www.cronacaonline.it\/index.php\/wp-json\/wp\/v2\/posts"}],"about":[{"href":"https:\/\/www.cronacaonline.it\/index.php\/wp-json\/wp\/v2\/types\/post"}],"author":[{"embeddable":true,"href":"https:\/\/www.cronacaonline.it\/index.php\/wp-json\/wp\/v2\/users\/2"}],"replies":[{"embeddable":true,"href":"https:\/\/www.cronacaonline.it\/index.php\/wp-json\/wp\/v2\/comments?post=197144"}],"version-history":[{"count":1,"href":"https:\/\/www.cronacaonline.it\/index.php\/wp-json\/wp\/v2\/posts\/197144\/revisions"}],"predecessor-version":[{"id":197145,"href":"https:\/\/www.cronacaonline.it\/index.php\/wp-json\/wp\/v2\/posts\/197144\/revisions\/197145"}],"wp:featuredmedia":[{"embeddable":true,"href":"https:\/\/www.cronacaonline.it\/index.php\/wp-json\/wp\/v2\/media\/188638"}],"wp:attachment":[{"href":"https:\/\/www.cronacaonline.it\/index.php\/wp-json\/wp\/v2\/media?parent=197144"}],"wp:term":[{"taxonomy":"category","embeddable":true,"href":"https:\/\/www.cronacaonline.it\/index.php\/wp-json\/wp\/v2\/categories?post=197144"},{"taxonomy":"post_tag","embeddable":true,"href":"https:\/\/www.cronacaonline.it\/index.php\/wp-json\/wp\/v2\/tags?post=197144"}],"curies":[{"name":"wp","href":"https:\/\/api.w.org\/{rel}","templated":true}]}}