{"id":197047,"date":"2020-10-31T08:25:37","date_gmt":"2020-10-31T07:25:37","guid":{"rendered":"https:\/\/www.cronacaonline.it\/?p=197047"},"modified":"2020-10-31T08:25:39","modified_gmt":"2020-10-31T07:25:39","slug":"a-firenze-facinorosi-mettono-a-soqquadro-la-citta-guerriglia-nella-notte-con-20-persone-fermate-feriti-agenti-di-polizia","status":"publish","type":"post","link":"https:\/\/www.cronacaonline.it\/index.php\/2020\/10\/31\/a-firenze-facinorosi-mettono-a-soqquadro-la-citta-guerriglia-nella-notte-con-20-persone-fermate-feriti-agenti-di-polizia\/","title":{"rendered":"A Firenze facinorosi mettono a soqquadro la citt\u00e0: guerriglia nella notte con 20 persone fermate. Feriti agenti di polizia."},"content":{"rendered":"\n<p>Firenze - Sale dei bilancio dei fermati per gli scontri Firenze che al momento sarebbero almeno una ventina. Secondo quanto appreso sarebbero rimasti feriti alcuni agenti, raggiunti dal lancio di pietre, bottiglie e molotov,\u00a0durante la manifestazione non autorizzata contro le misure varate dal governo.<\/p>\n\n\n\n<p>Complessivamente, secondo una prima stima delle forze dell'ordine, sarebbero oltre mille le persone ad aver partecipato ieri sera alle proteste muovendosi in piccoli gruppi che si sono sparpagliati per il centro storico, creando disordini e scontrandosi con le forze dell'ordine. Durante i disordini in piazza Santa Maria Novella \u00e8 stato dato alle fiamme un cassonetto interrato e per spegnere le fiamme \u00e8 stato necessario l'intervento dei vigili del fuoco.<\/p>\n\n\n\n<p>\"Ci hanno fatto vivere una notte surreale, terribile e dolorosa a Firenze. Non \u00e8 cos\u00ec che si manifestano le proprie ragioni, non \u00e8 cos\u00ec che si d\u00e0 voce alla sofferenza. \u00c8 solo violenza fine a se stessa, gratuita. Chi sfregia Firenze deve pagare per quello che ha fatto\". Cos\u00ec il sindaco di Firenze Dario Nardella.<\/p>\n\n\n\n<p>La violenza di pochi facinorosi, chiaramente organizzati con volantini vigliaccamente anonimi, \u00e8 stata contrastata da forze dell'ordine a cui va la nostra decisa e profonda vicinanza e solidariet\u00e0. Massimo rispetto verso lavoratori, imprese, attivit\u00e0 che hanno forzatamente chiuso esercizi e limitato apertura a causa della pandemia, con essi sempre dialogo. Con loro i gruppuscoli di stasera, probabilmente venuti da fuori, non hanno niente a che fare. I cittadini di Firenze e della Toscana non si piegano certo alla violenza ma saranno uniti per fronteggiare insieme l'emergenza come il nostro popolo ha sempre fatto, con spirito di comunit\u00e0, nei momenti pi\u00f9 difficili della storia!\".<\/p>\n\n\n\n<p>Cos\u00ec su Facebook il presidente della Toscana, Eugenio Giani, commenta gli scontri avvenuti ieri sera.<\/p>\n","protected":false},"excerpt":{"rendered":"<p>Firenze &#8211; Sale dei bilancio dei fermati per gli scontri Firenze che al momento sarebbero almeno una ventina. Secondo quanto appreso sarebbero rimasti feriti alcuni&#8230;<\/p>\n","protected":false},"author":2,"featured_media":197048,"comment_status":"closed","ping_status":"open","sticky":false,"template":"","format":"standard","meta":[],"categories":[49,51],"tags":[],"_links":{"self":[{"href":"https:\/\/www.cronacaonline.it\/index.php\/wp-json\/wp\/v2\/posts\/197047"}],"collection":[{"href":"https:\/\/www.cronacaonline.it\/index.php\/wp-json\/wp\/v2\/posts"}],"about":[{"href":"https:\/\/www.cronacaonline.it\/index.php\/wp-json\/wp\/v2\/types\/post"}],"author":[{"embeddable":true,"href":"https:\/\/www.cronacaonline.it\/index.php\/wp-json\/wp\/v2\/users\/2"}],"replies":[{"embeddable":true,"href":"https:\/\/www.cronacaonline.it\/index.php\/wp-json\/wp\/v2\/comments?post=197047"}],"version-history":[{"count":1,"href":"https:\/\/www.cronacaonline.it\/index.php\/wp-json\/wp\/v2\/posts\/197047\/revisions"}],"predecessor-version":[{"id":197049,"href":"https:\/\/www.cronacaonline.it\/index.php\/wp-json\/wp\/v2\/posts\/197047\/revisions\/197049"}],"wp:featuredmedia":[{"embeddable":true,"href":"https:\/\/www.cronacaonline.it\/index.php\/wp-json\/wp\/v2\/media\/197048"}],"wp:attachment":[{"href":"https:\/\/www.cronacaonline.it\/index.php\/wp-json\/wp\/v2\/media?parent=197047"}],"wp:term":[{"taxonomy":"category","embeddable":true,"href":"https:\/\/www.cronacaonline.it\/index.php\/wp-json\/wp\/v2\/categories?post=197047"},{"taxonomy":"post_tag","embeddable":true,"href":"https:\/\/www.cronacaonline.it\/index.php\/wp-json\/wp\/v2\/tags?post=197047"}],"curies":[{"name":"wp","href":"https:\/\/api.w.org\/{rel}","templated":true}]}}