{"id":197032,"date":"2020-10-30T17:09:02","date_gmt":"2020-10-30T16:09:02","guid":{"rendered":"https:\/\/www.cronacaonline.it\/?p=197032"},"modified":"2020-10-30T17:09:04","modified_gmt":"2020-10-30T16:09:04","slug":"brusaferro-iss-lepidemia-corre-significativamente-in-italia-come-in-tutta-europa","status":"publish","type":"post","link":"https:\/\/www.cronacaonline.it\/index.php\/2020\/10\/30\/brusaferro-iss-lepidemia-corre-significativamente-in-italia-come-in-tutta-europa\/","title":{"rendered":"Brusaferro (Iss): l&#8217;epidemia corre significativamente in Italia come in tutta Europa."},"content":{"rendered":"\n<p>Roma - \"L'epidemia sta correndo significativamente in tutti i Paese europei\". Lo ha detto il presidente dell'Istituto superiore di sanit\u00e0, Silvio Brusaferro, nel punto stampa sull'analisi della situazione epidemiologica in Italia.<\/p>\n\n\n\n<p>\"La Germania ha molte regioni dove l'epidemia sta crescendo e ha adottato molte misure simili al nostro Paese. Il numero di nuove persone positive, in Italia, \u00e8 aumentato molto nelle ultime due settimane. L'incidenza che calcoliamo nella cabina di regia, con cadenza bisettimanale, ci indica 280 casi per 100mila abitanti. Questi che vi presentiamo sono dati calcolati fino a domenica scorsa, quindi tengono conto di una realt\u00e0 con un pochino di ritardo. Mentre il dato settimanale di cui diamo conto settimanalmente, \u00e8 un'istantanea dei dati del momento\", ha aggiunto il presidente dell'Iss.<\/p>\n\n\n\n<p>\"Oggi censiamo un Rt a livello nazionale ancora in crescita anche se della settimana e quindi non tiene conto delle nuove misure. Rt viaggia intorno a 1.7. Tuttavia lo scenario 4 \u00e8 stato raggiunto in alcune Regioni, la situazione \u00e8 grave e si traduce in una estrema difficolt\u00e0 di tracciamento\", ha sottolineato, osservando che \"le fasce di et\u00e0 pi\u00f9 colpite sono quelle giovanili\".<\/p>\n\n\n\n<p>Infatti, ha detto Brusaferro, \"a fronte di questa situazione epidemiologica, iniziano ad essere nuovamente colpite le persone anziane. La trasmissione del virus alle persone pi\u00f9 anziane desta preoccupazione. Oggi presentiamo anche un'analisi campionaria sulle cartelle cliniche dei pazienti deceduti, di cui abbiamo fatto anche una comparazione, marzo-maggio; giugno-agosto e settembre-ottobre che stiamo ancora vivendo. Il 73% delle persone decedute aveva pi\u00f9 di tre patologie, l'1% non aveva alcuna patologia, quindi nessuna co-morbilit\u00e0\".<\/p>\n\n\n\n<p>Il numero di occupazione posti letto e terapie intensive, ha aggiunto ancora, \u00e8 \"cresciuto e la tendenza \u00e8 alla crescita, questo \u00e8 un altro elemento importante. Sebbene possa sembrare che ci siano ancora dei margini per il superamento delle soglie e in alcune regioni \u00e8 ancora cos\u00ec, dobbiamo guardarlo con grande attenzione perch\u00e9 l'obiettivo che tutti noi abbiamo \u00e8 di continuare a garantire tutti i bisogni assistenziali\".<\/p>\n","protected":false},"excerpt":{"rendered":"<p>Roma &#8211; &#8220;L&#8217;epidemia sta correndo significativamente in tutti i Paese europei&#8221;. Lo ha detto il presidente dell&#8217;Istituto superiore di sanit\u00e0, Silvio Brusaferro, nel punto stampa&#8230;<\/p>\n","protected":false},"author":2,"featured_media":191303,"comment_status":"closed","ping_status":"open","sticky":false,"template":"","format":"standard","meta":[],"categories":[49,51],"tags":[],"_links":{"self":[{"href":"https:\/\/www.cronacaonline.it\/index.php\/wp-json\/wp\/v2\/posts\/197032"}],"collection":[{"href":"https:\/\/www.cronacaonline.it\/index.php\/wp-json\/wp\/v2\/posts"}],"about":[{"href":"https:\/\/www.cronacaonline.it\/index.php\/wp-json\/wp\/v2\/types\/post"}],"author":[{"embeddable":true,"href":"https:\/\/www.cronacaonline.it\/index.php\/wp-json\/wp\/v2\/users\/2"}],"replies":[{"embeddable":true,"href":"https:\/\/www.cronacaonline.it\/index.php\/wp-json\/wp\/v2\/comments?post=197032"}],"version-history":[{"count":1,"href":"https:\/\/www.cronacaonline.it\/index.php\/wp-json\/wp\/v2\/posts\/197032\/revisions"}],"predecessor-version":[{"id":197033,"href":"https:\/\/www.cronacaonline.it\/index.php\/wp-json\/wp\/v2\/posts\/197032\/revisions\/197033"}],"wp:featuredmedia":[{"embeddable":true,"href":"https:\/\/www.cronacaonline.it\/index.php\/wp-json\/wp\/v2\/media\/191303"}],"wp:attachment":[{"href":"https:\/\/www.cronacaonline.it\/index.php\/wp-json\/wp\/v2\/media?parent=197032"}],"wp:term":[{"taxonomy":"category","embeddable":true,"href":"https:\/\/www.cronacaonline.it\/index.php\/wp-json\/wp\/v2\/categories?post=197032"},{"taxonomy":"post_tag","embeddable":true,"href":"https:\/\/www.cronacaonline.it\/index.php\/wp-json\/wp\/v2\/tags?post=197032"}],"curies":[{"name":"wp","href":"https:\/\/api.w.org\/{rel}","templated":true}]}}