{"id":197000,"date":"2020-10-30T11:00:04","date_gmt":"2020-10-30T10:00:04","guid":{"rendered":"https:\/\/www.cronacaonline.it\/?p=197000"},"modified":"2020-10-30T11:00:06","modified_gmt":"2020-10-30T10:00:06","slug":"istat-una-buona-notizia-nella-tristezza-per-i-morti-di-coronavirus-nel-terzo-trimestre-rimbalzo-del-pil-del-161","status":"publish","type":"post","link":"https:\/\/www.cronacaonline.it\/index.php\/2020\/10\/30\/istat-una-buona-notizia-nella-tristezza-per-i-morti-di-coronavirus-nel-terzo-trimestre-rimbalzo-del-pil-del-161\/","title":{"rendered":"Istat, una buona notizia nella tristezza per i morti di Coronavirus, nel terzo trimestre rimbalzo del Pil del 16,1 %."},"content":{"rendered":"\n<p>Roma - Il Pil italiano nel terzo trimestre del 2020 ha registrato un deciso rimbalzo del 16,1% rispetto al trimestre precedente chiusosi a -13%. Il dato, corretto per gli effetti di calendario e destagionalizzato, \u00e8 stato reso noto dall'Istat in base alle stime provvisorie.\u00a0 Su base annua, rispetto al periodo giugno-settembre 2019, l'economia ha invece registrato una contrazione del 4,7%.<\/p>\n\n\n\n<p>Il terzo trimestre del 2020, specifica l'Istat, ha avuto quattro giornate lavorative in pi\u00f9 rispetto al trimestre precedente e una giornata lavorativa in pi\u00f9 rispetto al terzo trimestre del 2019. La variazione congiunturale \u00e8 la sintesi di un aumento del valore aggiunto sia nel comparto dell'agricoltura, silvicoltura e pesca, sia in quello dell'industria, sia in quello dei servizi.<\/p>\n\n\n\n<p>Dal lato della domanda, vi \u00e8 un contributo positivo sia della componente nazionale (al lordo delle scorte), sia di quella estera netta.<\/p>\n\n\n\n<p>A settembre il numero di occupati risulta sostanzialmente stabile rispetto al mese precedente. E' quanto comunica l'Istat, spiegando che gli occupati nel mese aumentano di 6.000 unit\u00e0. La stabilit\u00e0 \u00e8 sintesi, da un lato, dell\u2019aumento osservato tra le donne, i dipendenti a tempo indeterminato e gli over 50 e, dall\u2019altro, della diminuzione tra gli indipendenti e i 25-34enni. Nel complesso il tasso di occupazione sale di 0,1 punti percentuali al 58,2%. Il livello dell\u2019occupazione \u00e8 tuttavia ancora inferiore, di quasi 330 mila unit\u00e0, a quello di febbraio 2020 e rimane pi\u00f9 elevato sia il numero di disoccupati, di circa 40 mila unit\u00e0, sia quello degli inattivi, di oltre 220 mila unit\u00e0.<\/p>\n","protected":false},"excerpt":{"rendered":"<p>Roma &#8211; Il Pil italiano nel terzo trimestre del 2020 ha registrato un deciso rimbalzo del 16,1% rispetto al trimestre precedente chiusosi a -13%. Il&#8230;<\/p>\n","protected":false},"author":2,"featured_media":187256,"comment_status":"closed","ping_status":"open","sticky":false,"template":"","format":"standard","meta":[],"categories":[49,51],"tags":[],"_links":{"self":[{"href":"https:\/\/www.cronacaonline.it\/index.php\/wp-json\/wp\/v2\/posts\/197000"}],"collection":[{"href":"https:\/\/www.cronacaonline.it\/index.php\/wp-json\/wp\/v2\/posts"}],"about":[{"href":"https:\/\/www.cronacaonline.it\/index.php\/wp-json\/wp\/v2\/types\/post"}],"author":[{"embeddable":true,"href":"https:\/\/www.cronacaonline.it\/index.php\/wp-json\/wp\/v2\/users\/2"}],"replies":[{"embeddable":true,"href":"https:\/\/www.cronacaonline.it\/index.php\/wp-json\/wp\/v2\/comments?post=197000"}],"version-history":[{"count":1,"href":"https:\/\/www.cronacaonline.it\/index.php\/wp-json\/wp\/v2\/posts\/197000\/revisions"}],"predecessor-version":[{"id":197001,"href":"https:\/\/www.cronacaonline.it\/index.php\/wp-json\/wp\/v2\/posts\/197000\/revisions\/197001"}],"wp:featuredmedia":[{"embeddable":true,"href":"https:\/\/www.cronacaonline.it\/index.php\/wp-json\/wp\/v2\/media\/187256"}],"wp:attachment":[{"href":"https:\/\/www.cronacaonline.it\/index.php\/wp-json\/wp\/v2\/media?parent=197000"}],"wp:term":[{"taxonomy":"category","embeddable":true,"href":"https:\/\/www.cronacaonline.it\/index.php\/wp-json\/wp\/v2\/categories?post=197000"},{"taxonomy":"post_tag","embeddable":true,"href":"https:\/\/www.cronacaonline.it\/index.php\/wp-json\/wp\/v2\/tags?post=197000"}],"curies":[{"name":"wp","href":"https:\/\/api.w.org\/{rel}","templated":true}]}}