{"id":196765,"date":"2020-10-24T15:59:07","date_gmt":"2020-10-24T13:59:07","guid":{"rendered":"https:\/\/www.cronacaonline.it\/?p=196765"},"modified":"2020-10-24T15:59:09","modified_gmt":"2020-10-24T13:59:09","slug":"covid-da-lunedi-la-slovenia-ci-chiude-fuori","status":"publish","type":"post","link":"https:\/\/www.cronacaonline.it\/index.php\/2020\/10\/24\/covid-da-lunedi-la-slovenia-ci-chiude-fuori\/","title":{"rendered":"Covid, da luned\u00ec la Slovenia ci chiude fuori."},"content":{"rendered":"\n<p>Roma - Con l'aumento dei contagi da coronavirus, la Slovenia da luned\u00ec 26 ottobre chiuder\u00e0 i confini con l'Italia. Sar\u00e0 consentito ai cittadini italiani soltanto il transito nel Paese (massimo 12 ore) per raggiungere altre destinazioni. Lo riportano i media locali, parlando di una decisione del governo sloveno presa nella tarda serata di ieri. Non vengono esclusi controlli sanitari ai valichi.<\/p>\n\n\n\n<p>Sono esclusi dalla disposizione, i lavoratori transfrontalieri, i vettori internazionali, persone in transito, membri di delegazioni straniere, motivi aziendali urgenti o esami medici. Anche i proprietari di beni immobiliari possono attraversare il confine con familiari stretti.<\/p>\n\n\n\n<p>Il Friuli Venezia Giulia \u00e8&nbsp;considerato&nbsp;dalle autorit\u00e0&nbsp;slovene una tra le 14 regioni italiane zona rossa. Le persone provenienti da Paesi o unit\u00e0&nbsp;amministrative di Paesi ad alto rischio di contrarre il nuovo coronavirus potranno essere messe in quarantena dalla Polizia di frontiera slovena. La quarantena sar\u00e0 per\u00f2&nbsp;evitata da chiunque mostri un risultato del test negativo che non abbia pi\u00f9&nbsp;di 48 ore. Anche la vicina Croazia - secondo il direttore dell'Istituto nazionale per la salute pubblica (Hzjz) con sede a Zagabria Krunoslav Capak - ha annunciato oggi l'introduzione tra breve di ulteriori misure restrittive per contenere l'espansione del coronavirus, dopo che negli ultimi giorni c'\u00e8 stato un graduale e consistente aumento dei casi.<\/p>\n\n\n\n<p>\"Alla luce della decisione di Lubiana di chiudere da luned\u00ec prossimo l'ingresso dei cittadini italiani in Slovenia, chiedo al nostro Governo di intraprendere una scelta forte: quella di sigillare tutto, impegnando massicciamente l'esercito per blindare il confine. Perch\u00e9 se di emergenza si tratta, non pu\u00f2 esserlo solo per chi vive, lavora e paga le tasse in Italia o in Slovenia, mentre dalla stessa frontiera continua il passaggio illegale di clandestini\". Cos\u00ec l'assessore regionale alla Sicurezza, Pierpaolo Roberti, sull'annunciata decisione delle autorit\u00e0 statali slovene relativamente alla chiusura dal 26 ottobre del confine per il libero ingresso dei cittadini italiani.<\/p>\n\n\n\n<p>\"Cosa dovrebbe pensare - ha sottolineato l'assessore - un cittadino di Trieste o Udine sapendo che gli viene vietato di andare liberamente in Slovenia, mentre allo stesso tempo un immigrato clandestino pu\u00f2 tranquillamente arrivare in regione da quegli stessi confini?\". Infine, Roberti ha osservato come le tensioni sociali esistenti, dovute alla crisi economica e all'attuazione delle restrizioni sanitarie, siano anche \"figlie di scelte nazionali a volte illogiche, fatte per salvaguardare interessi ideologici\".<\/p>\n","protected":false},"excerpt":{"rendered":"<p>Roma &#8211; Con l&#8217;aumento dei contagi da coronavirus, la Slovenia da luned\u00ec 26 ottobre chiuder\u00e0 i confini con l&#8217;Italia. Sar\u00e0 consentito ai cittadini italiani soltanto&#8230;<\/p>\n","protected":false},"author":2,"featured_media":192944,"comment_status":"closed","ping_status":"open","sticky":false,"template":"","format":"standard","meta":[],"categories":[49,51],"tags":[],"_links":{"self":[{"href":"https:\/\/www.cronacaonline.it\/index.php\/wp-json\/wp\/v2\/posts\/196765"}],"collection":[{"href":"https:\/\/www.cronacaonline.it\/index.php\/wp-json\/wp\/v2\/posts"}],"about":[{"href":"https:\/\/www.cronacaonline.it\/index.php\/wp-json\/wp\/v2\/types\/post"}],"author":[{"embeddable":true,"href":"https:\/\/www.cronacaonline.it\/index.php\/wp-json\/wp\/v2\/users\/2"}],"replies":[{"embeddable":true,"href":"https:\/\/www.cronacaonline.it\/index.php\/wp-json\/wp\/v2\/comments?post=196765"}],"version-history":[{"count":1,"href":"https:\/\/www.cronacaonline.it\/index.php\/wp-json\/wp\/v2\/posts\/196765\/revisions"}],"predecessor-version":[{"id":196766,"href":"https:\/\/www.cronacaonline.it\/index.php\/wp-json\/wp\/v2\/posts\/196765\/revisions\/196766"}],"wp:featuredmedia":[{"embeddable":true,"href":"https:\/\/www.cronacaonline.it\/index.php\/wp-json\/wp\/v2\/media\/192944"}],"wp:attachment":[{"href":"https:\/\/www.cronacaonline.it\/index.php\/wp-json\/wp\/v2\/media?parent=196765"}],"wp:term":[{"taxonomy":"category","embeddable":true,"href":"https:\/\/www.cronacaonline.it\/index.php\/wp-json\/wp\/v2\/categories?post=196765"},{"taxonomy":"post_tag","embeddable":true,"href":"https:\/\/www.cronacaonline.it\/index.php\/wp-json\/wp\/v2\/tags?post=196765"}],"curies":[{"name":"wp","href":"https:\/\/api.w.org\/{rel}","templated":true}]}}