{"id":196590,"date":"2020-10-21T16:56:44","date_gmt":"2020-10-21T14:56:44","guid":{"rendered":"https:\/\/www.cronacaonline.it\/?p=196590"},"modified":"2020-10-21T16:56:46","modified_gmt":"2020-10-21T14:56:46","slug":"coronavirus-coprifuoco-anti-covid-in-lombardia-dalle-23-alle-5-firmata-lordinanza-dal-presidente-della-regione","status":"publish","type":"post","link":"https:\/\/www.cronacaonline.it\/index.php\/2020\/10\/21\/coronavirus-coprifuoco-anti-covid-in-lombardia-dalle-23-alle-5-firmata-lordinanza-dal-presidente-della-regione\/","title":{"rendered":"Coronavirus, Coprifuoco anti-Covid in Lombardia dalle 23 alle 5. Firmata l&#8217;ordinanza dal presidente della Regione."},"content":{"rendered":"\n<p>Milano \u2013 Da domani la Lombardia nelle ore notturne \u00e8 chiusa. Infatti dal presidente della Lombardia con una nuova ordinanza \u00e8 stato imposto il coprifuoco, per tentare di fermare l'impennata di casi di Covid-19.\u00a0Infatti, il divieto di usciere di casa scatta gioved\u00ec 22 ottobre. Si limitano gli spostamenti in tutta la regione. L\u2019ordinanza per il coprifuoco \u00e8 stata firmata dal ministro della Salute, Roberto Speranza, e dal presidente della Regione, Attilio Fontana.<\/p>\n\n\n\n<p>Dalle 23 alle 5 del mattino, dunque, ci si potr\u00e0 muovere solo per comprovate esigenze lavorative o situazioni di necessit\u00e0 o d'urgenza ovvero per motivi di salute, in ogni caso consentito il rientro presso il proprio domicilio, dimora o&nbsp;residenza e autodichiarazione per certificare gli spostamenti. L'ordinanza sar\u00e0 in vigore fino al 13 novembre.<\/p>\n\n\n\n<p>L'ordinanza emanata da Regione Lombardia prevede il ritorno dell'autocertificazione. Nel secondo comma dell'articolo uno, infatti, si legge che \"la sussistenza delle situazioni che consentono la possibilit\u00e0 di spostamento incombe sull'interessato. Tale onere potr\u00e0 essere assolto producendo un'autodichiarazione\". La mancata osservanza delle misure, previste dall'ordinanza, \u00e8 punita con sanzioni che vanno dai 400 ai 3.000 euro.<\/p>\n\n\n\n<p>\u201cNoi non siamo qui per cercare di trovare delle soluzioni perch\u00e9 se la pandemia si scatena in una grande citt\u00e0 l\u2019effetto \u00e8 dirompente\u201d. Parla cos\u00ec il sindaco di Milano Giuseppe Sala in un\u2019intervista sull\u2019aumento dei casi in citt\u00e0 e nella Provincia. \u201cQuesto per dire \u2013 prosegue Sala - che la situazione \u00e8 oggettivamente grave e io non posso stare qua a girarmi dall\u2019altra parte, bisogna fare le cose con buonsenso\u201d.<\/p>\n\n\n\n<p>Giuseppe Sala, parlando sempre dell\u2019impennata di contagi, di ricoveri e di terapie intensive, spiega: \u201cE' un fatto generalizzato, ma in alcune aree, come l'area metropolitana di Milano, \u00e8 pi\u00f9 grave, non \u00e8 cos\u00ec in tre province: Brescia, Bergamo, Cremona. \u00c8 facile comprendere il perch\u00e9, hanno gi\u00e0 pagato un grande prezzo a marzo e aprile, si \u00e8 sviluppata una sorta di immunit\u00e0, e volutamente non mi esprimo in maniera pi\u00f9 scientifica. Questo prezzo non pu\u00f2 essere pagato da Milano. Il professor Remuzzi - prosegue il sindaco di Milano- che ho sentito poco fa, mi dice che ad oggi, dei 36mila morti che abbiamo avuto in Italia per Covid, 33mila sono over 65. \u00c8 vero che ora i contagi stanno toccando anche i pi\u00f9 giovani, ma \u00e8 quella la fascia pi\u00f9 delicata. Allora un invito, a tutti noi, proteggiamoli. E a loro: state in casa, in questo momento \u00e8 vitale\".<\/p>\n\n\n\n<p>Nell\u2019ordinanza si riportano anche le previsioni della \u201cCommissione indicatori Covid-19 della regione Lombardia\u201d che sottolinea come dal 31 ottobre, secondo la curva degli ultimi giorni, \u00e8 plausibile che ci siano mediamente 594 (range da 434 a 815) ricoverati in terapia intensiva e fino a 4.000 ricoveri non in terapia intensiva\". \"Il numero complessivo dei positivi -&nbsp; si legge nel documento - \u00e8 26.634, di cui 1.136 non sono in terapia intensiva, si invece per &nbsp;&nbsp;113 pazienti\u201d.<\/p>\n","protected":false},"excerpt":{"rendered":"<p>Milano \u2013 Da domani la Lombardia nelle ore notturne \u00e8 chiusa. Infatti dal presidente della Lombardia con una nuova ordinanza \u00e8 stato imposto il coprifuoco,&#8230;<\/p>\n","protected":false},"author":2,"featured_media":180410,"comment_status":"closed","ping_status":"open","sticky":false,"template":"","format":"standard","meta":[],"categories":[49,51],"tags":[],"_links":{"self":[{"href":"https:\/\/www.cronacaonline.it\/index.php\/wp-json\/wp\/v2\/posts\/196590"}],"collection":[{"href":"https:\/\/www.cronacaonline.it\/index.php\/wp-json\/wp\/v2\/posts"}],"about":[{"href":"https:\/\/www.cronacaonline.it\/index.php\/wp-json\/wp\/v2\/types\/post"}],"author":[{"embeddable":true,"href":"https:\/\/www.cronacaonline.it\/index.php\/wp-json\/wp\/v2\/users\/2"}],"replies":[{"embeddable":true,"href":"https:\/\/www.cronacaonline.it\/index.php\/wp-json\/wp\/v2\/comments?post=196590"}],"version-history":[{"count":1,"href":"https:\/\/www.cronacaonline.it\/index.php\/wp-json\/wp\/v2\/posts\/196590\/revisions"}],"predecessor-version":[{"id":196591,"href":"https:\/\/www.cronacaonline.it\/index.php\/wp-json\/wp\/v2\/posts\/196590\/revisions\/196591"}],"wp:featuredmedia":[{"embeddable":true,"href":"https:\/\/www.cronacaonline.it\/index.php\/wp-json\/wp\/v2\/media\/180410"}],"wp:attachment":[{"href":"https:\/\/www.cronacaonline.it\/index.php\/wp-json\/wp\/v2\/media?parent=196590"}],"wp:term":[{"taxonomy":"category","embeddable":true,"href":"https:\/\/www.cronacaonline.it\/index.php\/wp-json\/wp\/v2\/categories?post=196590"},{"taxonomy":"post_tag","embeddable":true,"href":"https:\/\/www.cronacaonline.it\/index.php\/wp-json\/wp\/v2\/tags?post=196590"}],"curies":[{"name":"wp","href":"https:\/\/api.w.org\/{rel}","templated":true}]}}