{"id":196216,"date":"2020-10-14T10:58:26","date_gmt":"2020-10-14T08:58:26","guid":{"rendered":"https:\/\/www.cronacaonline.it\/?p=196216"},"modified":"2020-10-14T10:58:28","modified_gmt":"2020-10-14T08:58:28","slug":"recovery-conte-piano-nel-solco-delle-priorita-ue-coinvolgeremo-parlamento","status":"publish","type":"post","link":"https:\/\/www.cronacaonline.it\/index.php\/2020\/10\/14\/recovery-conte-piano-nel-solco-delle-priorita-ue-coinvolgeremo-parlamento\/","title":{"rendered":"Recovery, Conte: &#8220;Piano nel solco delle priorit\u00e0 Ue. Coinvolgeremo Parlamento&#8221;."},"content":{"rendered":"\n<p>Roma - \"L'Europa \u00e8 chiamata a rimanere unita. Insieme dobbiamo essere quanto pi\u00f9 determinati in questa fase di\u00a0recrudescenza continentale del Covid-19 e di auspicato rilancio\u00a0 \u00a0delle\u00a0nostre economie\". Cos\u00ec il Presidente del Consiglio, Giuseppe Conte nell'Aula della Camera in vista del prossimo consiglio Ue, in programma il 15 e 16 ottobre. \"Non dobbiamo permettere che possano\u00a0generarsi ritardi a causa di un utilizzo divisivo di principi e\u00a0regole, come quelle relative allo stato di diritto, sulla cui\u00a0applicazione il Consiglio Europeo ha gi\u00e0 adottato le sue decisioni il\u00a021 luglio scorso\" - prosegue -\u00a0\"Questo progetto di rilancio dell'economia europea, infatti,\u00a0costituisce\u00a0un'occasione senza precedenti anche per riportare l'Italia\u00a0su un sentiero di crescita e di sviluppo sostenibile, equo e\u00a0inclusivo\".<\/p>\n\n\n\n<p>\"Dopo avere dato una risposta ambiziosa e tempestiva alla crisi&nbsp;pandemica, da parte europea dobbiamo continuare a lavorare&nbsp;speditamente sul piano dell'attuazione normativa&nbsp; &nbsp;del programma Next&nbsp;Generation EU\", ha spiegato il premier.&nbsp;Il rilancio rappresenta una occasione senza precedenti per la crescita dell'Italia\", ricordando che il piano italiano&nbsp;\"si&nbsp; &nbsp;inserisce nel solco delle&nbsp;priorit\u00e0 fissate dalla Commissione europea, che sono una transizione verde e&nbsp;digitale\". Ed ha spiegato che \"il 40%&nbsp;delle spese saranno indirizzate alla&nbsp;sostenibilit\u00e0 ambientale,&nbsp;all'efficientamento energetico e nell'economica circolare; il 20 per cento nella&nbsp;digitalizzazione\". Poi&nbsp;assicura \"il pieno coinvolgimento del Parlamento sul&nbsp; &nbsp;piano e trasparenza&nbsp;sulla messa in&nbsp;opera dei progetti\". \"L'efficacia delle riforme non sia vanificata da impostazioni restrittive di bilancio\" prosegue.<\/p>\n\n\n\n<p>Il Presidente del Consiglio inoltre - in un passaggio del suo intervento - ha sottolineato: \"Accolgo l'impegno della risoluzione della maggioranza&nbsp;affinch\u00e8 una parte significativa delle risorse del Recovery fund venga&nbsp;indirizzata al conferimento dell'obiettivo dell'occupazione femminile\".<\/p>\n\n\n\n<p>I leader dell'Ue si riuniranno a Bruxelles per discutere non solo della&nbsp;situazione epidemiologica, ma anche per&nbsp;esaminare i progressi compiuti verso l'obiettivo di&nbsp;conseguire la&nbsp;neutralit\u00e0 climatica entro il&nbsp;2050. Su questo fronte, il premier sottolinea: \"Auspico una discussione ambiziosa, l'Italia vuol essere in prima fila, sul&nbsp;piano europeo ma anche in una prospettiva pi\u00f9 ampia, nel promuovere un&nbsp;elevato livello di ambizione su una sfida di portata globale come&nbsp;quella del cambiamento climatico\".<\/p>\n\n\n\n<p>Il Consiglio europeo far\u00e0 anche il punto sull'attuazione dell'accordo di recesso e esaminer\u00e0 lo stato di avanzamento dei negoziati sul futuro partenariato tra l'Ue e il Regno Unito. I leader discuteranno i lavori preparatori&nbsp;per tutti gli scenari che potrebbero presentarsi a partire dal 1\u00b0&nbsp;gennaio 2021. Conte sostiene che durante la trattativa con il Regno Unito \u00e8 \"fondamentale mantenere l'unit\u00e0 degli&nbsp;Stati membri a fianco della Commissione europea e del Commissario negoziatore.&nbsp;I tempo che rimane non \u00e8 molto e per un negoziato cos\u00ec complesso va utilizzato con saggezza.&nbsp;Al 'No Deal' preferiamo la ricerca di un accordo fino all'ultimo momento utile ma non ad ogni costo: deve essere un accordo equo\".<\/p>\n\n\n\n<p>Conte - nella serata di ieri - durante l'intervento in Senato ha assicurato:&nbsp;\"Valuter\u00f2&nbsp;con la massima attenzione la proposta, contenuta nella&nbsp;relazione\" delle commissioni del Senato sul Recovery Plan,&nbsp;\"volta a garantire ai soggetti attuatori appropriati&nbsp;incentivi per l'avanzamento dei progetti, nonch\u00e8 penalit\u00e0&nbsp;per l'inattivit\u00e0 di coloro che non rispettano il&nbsp;cronoprogramma stabilito\".<\/p>\n","protected":false},"excerpt":{"rendered":"<p>Roma &#8211; &#8220;L&#8217;Europa \u00e8 chiamata a rimanere unita. Insieme dobbiamo essere quanto pi\u00f9 determinati in questa fase di\u00a0recrudescenza continentale del Covid-19 e di auspicato rilancio\u00a0&#8230;<\/p>\n","protected":false},"author":2,"featured_media":196172,"comment_status":"closed","ping_status":"open","sticky":false,"template":"","format":"standard","meta":[],"categories":[49,51],"tags":[],"_links":{"self":[{"href":"https:\/\/www.cronacaonline.it\/index.php\/wp-json\/wp\/v2\/posts\/196216"}],"collection":[{"href":"https:\/\/www.cronacaonline.it\/index.php\/wp-json\/wp\/v2\/posts"}],"about":[{"href":"https:\/\/www.cronacaonline.it\/index.php\/wp-json\/wp\/v2\/types\/post"}],"author":[{"embeddable":true,"href":"https:\/\/www.cronacaonline.it\/index.php\/wp-json\/wp\/v2\/users\/2"}],"replies":[{"embeddable":true,"href":"https:\/\/www.cronacaonline.it\/index.php\/wp-json\/wp\/v2\/comments?post=196216"}],"version-history":[{"count":1,"href":"https:\/\/www.cronacaonline.it\/index.php\/wp-json\/wp\/v2\/posts\/196216\/revisions"}],"predecessor-version":[{"id":196217,"href":"https:\/\/www.cronacaonline.it\/index.php\/wp-json\/wp\/v2\/posts\/196216\/revisions\/196217"}],"wp:featuredmedia":[{"embeddable":true,"href":"https:\/\/www.cronacaonline.it\/index.php\/wp-json\/wp\/v2\/media\/196172"}],"wp:attachment":[{"href":"https:\/\/www.cronacaonline.it\/index.php\/wp-json\/wp\/v2\/media?parent=196216"}],"wp:term":[{"taxonomy":"category","embeddable":true,"href":"https:\/\/www.cronacaonline.it\/index.php\/wp-json\/wp\/v2\/categories?post=196216"},{"taxonomy":"post_tag","embeddable":true,"href":"https:\/\/www.cronacaonline.it\/index.php\/wp-json\/wp\/v2\/tags?post=196216"}],"curies":[{"name":"wp","href":"https:\/\/api.w.org\/{rel}","templated":true}]}}