{"id":195936,"date":"2020-10-09T16:44:45","date_gmt":"2020-10-09T14:44:45","guid":{"rendered":"https:\/\/www.cronacaonline.it\/?p=195936"},"modified":"2020-10-09T16:44:47","modified_gmt":"2020-10-09T14:44:47","slug":"coronavirus-allarme-campania-oggi-oltre-700-positivi-de-luca-se-abbiamo-1000-casi-e-200-guariti-e-confinamento","status":"publish","type":"post","link":"https:\/\/www.cronacaonline.it\/index.php\/2020\/10\/09\/coronavirus-allarme-campania-oggi-oltre-700-positivi-de-luca-se-abbiamo-1000-casi-e-200-guariti-e-confinamento\/","title":{"rendered":"Coronavirus, allarme Campania: oggi oltre 700 positivi. De Luca: &#8220;Se abbiamo 1000 casi e 200 guariti \u00e8 confinamento&#8221;."},"content":{"rendered":"\n<p>Napoli - \"Abbiamo molti asintomatici, tra gli oltre 700 positivi che avremo anche oggi, il 90-95% \u00e8 asintomatico\". Cos\u00ec il governatore\u00a0Vincenzo De Luca, anticipando l'alto numero di positivi al covid 19 in Campania che sar\u00e0 annunciato oggi nel consueto punto del ministero della Salute. \"Queste persone vanno collocate in isolamento domiciliare e non vanno in ospedale\" dice De Luca.\u00a0\"Per\u00f2 se si alza l'et\u00e0 media dei contagi dobbiamo aspettarci anche ricoveri ulteriori, con due novit\u00e0 che non avevamo 6 mesi fa, l'apertura delle scuole e la stagione dell'epidemia influenzale\".<\/p>\n\n\n\n<p>Oggi la situazione \u00e8 sotto controllo, ma&nbsp;\"dobbiamo prepararci in anticipo per gli interventi che probabilmente saranno necessari da qui a un mese un mese e mezzo\" continua il governatore. De Luca non esclude la possibilit\u00e0, nelle prossime settimane, di chiedere al governo la chiusura della Campania. \"Si prenderanno tutte le decisioni necessarie. Non le decisioni pi\u00f9 comode, ma quelle pi\u00f9 necessarie - avverte - per tutelare la sicurezza delle nostre famiglie\".<\/p>\n\n\n\n<p>\"Per adesso - continua De Luca - abbiamo una situazione che mi pare sotto controllo. Tutto dipende dall'evoluzione del contagio. L'obiettivo \u00e8 avere equilibrio tra nuovi positivi e guariti. Ma se abbiamo mille contagi e duecento guariti \u00e8 lockdown\".<\/p>\n\n\n\n<p>\"Lavoriamo per avere 500 posti di terapia intensiva pronti, compresi quelli che erano vuoti e qualche giornalista ci domandava come mai sono vuoti? Adesso per la loro soddisfazione potranno essere riempiti\" spiega&nbsp;De Luca, sottolineando l'apertura del Covid center di Caserta.&nbsp;\"Ieri abbiamo parlato con Arcuri delle forniture di ventilatori polmonari. Noi abbiamo avuto ad aprile 130 ricoveri in terapia intensiva, il picco, il nostro obiettivo ora \u00e8 di avere il triplo di terapie intensive attrezzate, sia perch\u00e9 abbiamo pi\u00f9 contagi, sia perch\u00e9 abbiamo l'influenza in arrivo e l'anno scolastico in corso che qualche problema in pi\u00f9 lo determineranno\".<\/p>\n\n\n\n<p>\"Serve la leale collaborazione tra tutti, dobbiamo lavorare insieme contro la pandemia in uno spirito di squadra che ci potrebbe consentire di essere pi\u00f9 efficaci''. Lo ha detto il sindaco di Napoli, Luigi de Magistris, in merito alla lettera inviata al presidente della Regione Campania, Vincenzo De Luca, e per conoscenza al presidente del Consiglio, Giuseppe Conte, al ministro per la Salute, Roberto Speranza, e al prefetto di Napoli, Marco Valentini, nella quale chiede di avere dati ''analitici, precisi e in tempo reale'' sulla diffusione dell'epidemia in citt\u00e0 e nell'area metropolitana e di partecipare all'Unit\u00e0 di crisi regionale. A margine del Consiglio comunale, il sindaco, nel sottolineare che ''l'auspicio di un rafforzamento del dialogo istituzionale \u00e8 costante'', ha affermato: ''Io rappresento il 56 per cento della popolazione campana e in qualit\u00e0 di sindaco sono la massima autorit\u00e0 sanitaria locale. Abbiamo bisogno di dati precisi, analitici sulla diffusione del contagio, che purtroppo \u00e8 in forte aumento, di dati relativi alle Municipalit\u00e0, sui potenziali cluster in modo da consentirci di adottare provvedimenti immediati per arginare i focolai\". \"Sorprende \u2013 ha aggiunto - che a distanza di mesi non si riescano ad avere questi dati cos\u00ec puntuali e dettagliati''. Rispetto alla richiesta di partecipazione all'Unit\u00e0 di crisi, de Magistris ha spiegato: ''La mia richiesta non \u00e8 perch\u00e9 mi voglio andare a fare una passeggiata all'Unit\u00e0 di crisi ma \u00e8 sempre nell'ottica di uno scambio costante di informazioni per una leale cooperazione, per portare meglio sui territori le decisioni adottate\".<\/p>\n","protected":false},"excerpt":{"rendered":"<p>Napoli &#8211; &#8220;Abbiamo molti asintomatici, tra gli oltre 700 positivi che avremo anche oggi, il 90-95% \u00e8 asintomatico&#8221;. Cos\u00ec il governatore\u00a0Vincenzo De Luca, anticipando l&#8217;alto&#8230;<\/p>\n","protected":false},"author":2,"featured_media":194092,"comment_status":"closed","ping_status":"open","sticky":false,"template":"","format":"standard","meta":[],"categories":[49,51],"tags":[],"_links":{"self":[{"href":"https:\/\/www.cronacaonline.it\/index.php\/wp-json\/wp\/v2\/posts\/195936"}],"collection":[{"href":"https:\/\/www.cronacaonline.it\/index.php\/wp-json\/wp\/v2\/posts"}],"about":[{"href":"https:\/\/www.cronacaonline.it\/index.php\/wp-json\/wp\/v2\/types\/post"}],"author":[{"embeddable":true,"href":"https:\/\/www.cronacaonline.it\/index.php\/wp-json\/wp\/v2\/users\/2"}],"replies":[{"embeddable":true,"href":"https:\/\/www.cronacaonline.it\/index.php\/wp-json\/wp\/v2\/comments?post=195936"}],"version-history":[{"count":1,"href":"https:\/\/www.cronacaonline.it\/index.php\/wp-json\/wp\/v2\/posts\/195936\/revisions"}],"predecessor-version":[{"id":195937,"href":"https:\/\/www.cronacaonline.it\/index.php\/wp-json\/wp\/v2\/posts\/195936\/revisions\/195937"}],"wp:featuredmedia":[{"embeddable":true,"href":"https:\/\/www.cronacaonline.it\/index.php\/wp-json\/wp\/v2\/media\/194092"}],"wp:attachment":[{"href":"https:\/\/www.cronacaonline.it\/index.php\/wp-json\/wp\/v2\/media?parent=195936"}],"wp:term":[{"taxonomy":"category","embeddable":true,"href":"https:\/\/www.cronacaonline.it\/index.php\/wp-json\/wp\/v2\/categories?post=195936"},{"taxonomy":"post_tag","embeddable":true,"href":"https:\/\/www.cronacaonline.it\/index.php\/wp-json\/wp\/v2\/tags?post=195936"}],"curies":[{"name":"wp","href":"https:\/\/api.w.org\/{rel}","templated":true}]}}