{"id":195824,"date":"2020-10-08T10:07:27","date_gmt":"2020-10-08T08:07:27","guid":{"rendered":"https:\/\/www.cronacaonline.it\/?p=195824"},"modified":"2020-10-08T10:08:12","modified_gmt":"2020-10-08T08:08:12","slug":"coronavirus-il-governo-proroga-lo-stato-demergenza-al-31-gennaio-2021","status":"publish","type":"post","link":"https:\/\/www.cronacaonline.it\/index.php\/2020\/10\/08\/coronavirus-il-governo-proroga-lo-stato-demergenza-al-31-gennaio-2021\/","title":{"rendered":"Coronavirus, il Governo proroga lo stato d&#8217;emergenza al 31 gennaio 2021."},"content":{"rendered":"\n<p>Roma \u2013 I negazionisti si preparano ad andare in piazza, a Roma, per manifestare il rifiuto dell\u2019imposizione della mascherina anche all\u2019aperto. Loro contestano ogni decisione del governo, che secondo loro abusa ed ha abusato dei suoi poteri per imporre e limitare la libert\u00e0 personale. Questi, per\u00f2, lo fanno senza rispetto e in sfregio della famiglie che hanno avuto un\u2019infinit\u00e0 di vittime del Coronavirus che se all\u2019inizio della pandemia si fossero comportati diversamente, adesso si piangerebbero un\u2019infinit\u00e0 di morti in meno. E nonostante questo pervicacemente continuano a non curarsi degli altri in nome di una presunta violazione delle loro libert\u00e0. Ma non \u00e8 cos\u00ec. Ma nonostante questi, che per mettersi in mostra ed avere qualche minuto di notoriet\u00e0 o attori e cantanti caduti in disgrazie e che ora vanno a contestare i provvedimenti, giusti per salvaguardare la salute di tutti, a Palazzo Chigi il consiglio dei ministri ha approvato il decreto legge di proroga dello stato di emergenza Covid al 31 gennaio 2021.&nbsp;Il decreto approvato oggi dal governo proroga l'attuale Dpcm al 15 ottobre.<\/p>\n\n\n\n<p>In serata il presidente della Repubblica ha firmato il decreto sulle misure urgenti connesse con la proroga della dichiarazione dello stato di emergenza epidemiologica da Covid-19 e per la continuit\u00e0 operativa del sistema di allerta Covid.<\/p>\n\n\n\n<p>Diventa da subito effettivo l'obbligo di indossare le mascherine anche all'aperto, se si \u00e8 vicini a persone non conviventi.&nbsp;Entro il 15 ottobre andr\u00e0 dunque adottato un nuovo Dpcm che confermi o aggiorni le regole anti contagio che sarebbero scadute oggi e che sono invece prorogate.<\/p>\n\n\n\n<p>L'obbligo di indossare la mascherina varr\u00e0 \"in tutti i luoghi all'aperto ad eccezione dei casi in cui sia garantita in modo continuativo la condizione di isolamento\" da altre persone. \u00c8 questa, a quanto spiegano fonti di governo, la disposizione adottata dal consiglio dei ministri e relativa al nuovo obbligo che sar\u00e0 in vigore subito dopo la pubblicazione in Gazzetta ufficiale del Decreto legge Covid. L'obbligo non vale se si \u00e8 all'aperto in un luogo isolato con persone conviventi.<\/p>\n\n\n\n<p>Non c'\u00e8 nessun inasprimento delle sanzioni, a quanto si apprende, per chi viola le regole anti-contagio, incluso l'obbligo di tenere la mascherina all'aperto contenuto nel decreto approvato oggi in Consiglio dei ministri. La multe vanno da 400 a 1000 euro e sono quindi di entit\u00e0 uguale a quelle previste nei precedenti provvedimenti per la gran parte delle violazioni delle norme anti-Covid, come quella anti-assembramenti.<\/p>\n\n\n\n<p>Il decreto approvato dal Cdm consente alle Regioni di varare norme pi\u00f9 restrittive e - nei soli casi e nel rispetto dei criteri previsti dal Dpcm, e d'intesa col Ministero della Salute - anche norme ampliative.<\/p>\n\n\n\n<p>La ministra dell'Istruzione Lucia Azzolina nel corso della riunione del Consiglio dei ministri ha chiesto che le Asl applichino una corsia preferenziale per le scuole per la gestione dei casi di Covid-19. \u00c8 quanto si apprende da fonti di governo.<\/p>\n\n\n\n<p>Nel pomeriggio il premier ha incontrato la stampa davanti a Palazzo Chigi per spiegare le nuove misure varate dal governo. \"Dobbiamo essere pi\u00f9 rigorosi per evitare nuove restrizioni\", ha detto il premier.<\/p>\n\n\n\n<p>\"C'\u00e8 una risalita della curva di contagi, di qui la deliberazione di prorogare lo stato d'emergenza al 31 gennaio. Sar\u00e0 necessario indossare le mascherine a meno che non ci si trovi in una condizione di relativo isolamento\", spiega Conte.<\/p>\n\n\n\n<p>\"Negli altri casi- aggiunge- la mascherina va non solo portata ma indossata. Vogliamo essere rigorosi. E non facciamo distinzione tra luoghi aperti al pubblico e privati. L'unica eccezione \u00e8 per le abitazioni private\".<\/p>\n\n\n\n<p>\"Anche in famiglia dobbiamo stare attenti. Mandiamo una forte raccomandazione ai cittadini. Gli esperti ci dicono di stare attenti: le relazioni amicali e quelle con congiunti con cui non si vive insieme sono quelle in cui pi\u00f9 si diffonde il contagio\".<\/p>\n\n\n\n<p>\"Con il decreto approvato in consiglio dei ministri abbiamo prorogato al 31 ottobre i termini per la presentazione delle domande di Cassa integrazione ordinaria, assegno ordinario e cassa integrazione in deroga collegate all'emergenza epidemiologica\". Lo afferma la ministra del lavoro e delle politiche sociali, Nunzia Catalfo, sottolineando che \"in questo modo assicuriamo a tutte le imprese una ulteriore possibilit\u00e0 di inviare le richieste e i dati necessari al pagamento delle prestazioni di CIG covid-19 garantendo ai lavoratori l'accesso alle misure di sostegno al reddito previste dal decreto agosto\".&nbsp;<\/p>\n","protected":false},"excerpt":{"rendered":"<p>Roma \u2013 I negazionisti si preparano ad andare in piazza, a Roma, per manifestare il rifiuto dell\u2019imposizione della mascherina anche all\u2019aperto. Loro contestano ogni decisione&#8230;<\/p>\n","protected":false},"author":2,"featured_media":195826,"comment_status":"closed","ping_status":"open","sticky":false,"template":"","format":"standard","meta":[],"categories":[49,51],"tags":[],"_links":{"self":[{"href":"https:\/\/www.cronacaonline.it\/index.php\/wp-json\/wp\/v2\/posts\/195824"}],"collection":[{"href":"https:\/\/www.cronacaonline.it\/index.php\/wp-json\/wp\/v2\/posts"}],"about":[{"href":"https:\/\/www.cronacaonline.it\/index.php\/wp-json\/wp\/v2\/types\/post"}],"author":[{"embeddable":true,"href":"https:\/\/www.cronacaonline.it\/index.php\/wp-json\/wp\/v2\/users\/2"}],"replies":[{"embeddable":true,"href":"https:\/\/www.cronacaonline.it\/index.php\/wp-json\/wp\/v2\/comments?post=195824"}],"version-history":[{"count":2,"href":"https:\/\/www.cronacaonline.it\/index.php\/wp-json\/wp\/v2\/posts\/195824\/revisions"}],"predecessor-version":[{"id":195827,"href":"https:\/\/www.cronacaonline.it\/index.php\/wp-json\/wp\/v2\/posts\/195824\/revisions\/195827"}],"wp:featuredmedia":[{"embeddable":true,"href":"https:\/\/www.cronacaonline.it\/index.php\/wp-json\/wp\/v2\/media\/195826"}],"wp:attachment":[{"href":"https:\/\/www.cronacaonline.it\/index.php\/wp-json\/wp\/v2\/media?parent=195824"}],"wp:term":[{"taxonomy":"category","embeddable":true,"href":"https:\/\/www.cronacaonline.it\/index.php\/wp-json\/wp\/v2\/categories?post=195824"},{"taxonomy":"post_tag","embeddable":true,"href":"https:\/\/www.cronacaonline.it\/index.php\/wp-json\/wp\/v2\/tags?post=195824"}],"curies":[{"name":"wp","href":"https:\/\/api.w.org\/{rel}","templated":true}]}}