{"id":195589,"date":"2020-10-04T09:05:21","date_gmt":"2020-10-04T07:05:21","guid":{"rendered":"https:\/\/www.cronacaonline.it\/?p=195589"},"modified":"2020-10-04T09:05:23","modified_gmt":"2020-10-04T07:05:23","slug":"litalia-in-ginocchio-per-il-maltempo-due-morti-e-due-dispersi-nel-nord-ovest-piemonte-e-liguria-chiedono-lo-stato-di-emergenza","status":"publish","type":"post","link":"https:\/\/www.cronacaonline.it\/index.php\/2020\/10\/04\/litalia-in-ginocchio-per-il-maltempo-due-morti-e-due-dispersi-nel-nord-ovest-piemonte-e-liguria-chiedono-lo-stato-di-emergenza\/","title":{"rendered":"L\u2019Italia in ginocchio per il Maltempo, due morti e due dispersi nel Nord Ovest: Piemonte e Liguria chiedono lo stato di emergenza."},"content":{"rendered":"\n<p>Cagliari -\u00a0Il maltempo devasta il Nordovest. Il bilancio \u00e8 di due morti (in Valle d'Aosta e nel Vercellese) e 2 dispersi (uno in Piemonte, l'altro \u00e8 un cacciatore nel Pavese). Situazione particolarmente grave a Limone in Piemonte. 'Una catastrofe', dice il sindaco. Tre ponti crollati. Quello sul Sesia, tra Romagnano e Gattinara, era stato riaperto alle 12 in una diretta\u00a0Fb\u00a0dei due sindaci. Gli altri due in\u00a0Valtrebbia\u00a0nel Piacentino, sulla statale 45 che collega Piacenza e Genova; e a Bagnasco, nel Cuneese, travolto dal Tanaro. Isolata Omea, tra la provincia di Cuneo e il confine con la Liguria.\u00a0\u00a0<\/p>\n\n\n\n<p>Secondo Coldiretti, in 24 ore il livello del Po \u00e8 salito di tre metri. A Venezia sollevate per la prima volta le barriere del Mose, la marea \u00e8 salita solo di 75 centimetri e piazza san Marco \u00e8 rimasta all'asciutto.&nbsp;<\/p>\n\n\n\n<p>Il Piemonte e la Liguria hanno chiesto al governo lo stato d'emergenza per i danni causati dal maltempo. In 24 ore le precipitazioni hanno superato il record storico dal 1958, causando danni ingenti e, soprattutto, una vittima e un disperso.&nbsp;<\/p>\n\n\n\n<p>A perdere la vita \u00e8 stato un ragazzo di 36 anni, Samuel Pregnolato, residente a Quarona, nel Vercellese, il cui corpo \u00e8 stato recuperato sul greto del fiume Sesia a Borgosesia. L'auto dell'uomo \u00e8 finita nel fiume venerd\u00ec notte. Il fratello di 21 anni \u00e8 riuscito a salvarsi aggrappandosi ad alcuni rami.&nbsp;<\/p>\n\n\n\n<p>Continuano invece le ricerche di un margaro disperso nei pressi del Colle di Tenda, che si teme possa essere stato travolto dal torrente Vermenagna in piena.&nbsp;<\/p>\n\n\n\n<p>L'evento alluvionale che ha colpito il Piemonte \u00e8 stato caratterizzato da precipitazioni eccezionali su gran parte del territorio, con punte di 630 millimetri a Sambughetto (Vb), 610 mm a Piedicavallo (Bi) e 580 mm a Limone Piemonte (Cn) in sole 24 ore. Le piogge intense e concentrate hanno prodotto estese e diffuse esondazioni dei corsi d'acqua, erosioni spondali e, in alcuni casi, il crollo di ponti. Frane, colate di fango e trasporto di materiale hanno causato danni a infrastrutture viarie e centri abitati.&nbsp;<\/p>\n\n\n\n<p>Per alcune ore \u00e8 stata interrotta l'autostrada Torino-Milano, mentre rimane chiusa la Torino-Aosta, tra Scarmagno e Quincinetto. L'allerta resta arancione in attesa del transito dell'onda di piena, che potrebbe provocare locali allagamenti, e per l'incremento dei livelli del lago Maggiore. Le aree a rischio sono le valli Tanaro, Belbo e Bormida nel Cuneese, lungo il fiume Toce nel Novarese e Verbano, e nella pianura settentrionale. Confermata, invece, l'allerta gialla nel Torinese.&nbsp;<\/p>\n\n\n\n<p>Per gestire l'emergenza sono stati attivati circa 80 Centri operativi comunali (Coc) e oltre 700 volontari sono in attivit\u00e0 su tutto il territorio regionale. Attiva 24 ore su 24 la Sala operativa della Protezione civile di corso Marche, a Torino, aperta dalle 8 di ieri.&nbsp;<\/p>\n\n\n\n<p>\"La situazione \u00e8 molto grave. \u00c8&nbsp;come il 1994, con la differenza che stavolta in 24 ore sono caduti 630 millimetri di pioggia. Una precipitazione cos\u00ec imponente in un arco di tempo cos\u00ec limitato non succedeva dal 1954\". Cos\u00ec, in una intervista alla Stampa, il presidente della Regione Piemonte Alberto Cirio. \"Ho parlato con il presidente della Protezione civile Borrelli, con i ministri Boccia e De Micheli. Marted\u00ec, dopo aver visitato tutte le province colpite, sar\u00f2 a Roma a ribadire che servono al pi\u00f9 presto le risorse per ripartire. Mi conforta la telefonata del presidente Mattarella: ha assicurato che lo Stato non ci lascer\u00e0 soli. \u00c8 una persona straordinaria, in lui ripongo la massima fiducia\".&nbsp;<\/p>\n\n\n\n<p>\u201cIl maltempo ha colpito alcune zone molto circoscritte ma con grandissima forza: le vallate del Cuneese a ridosso di Francia e Liguria. E poi Vercelli, Biella. Abbiamo dirottato sulle zone colpite la Protezione Civile delle province meno coinvolte. La risposta \u00e8 stata rapida ed efficace. Ho sentito il presidente della Liguria Toti: insieme abbiamo concordato la richiesta dello stato d'emergenza, gi\u00e0 firmata e inviata a Roma\".&nbsp;<\/p>\n","protected":false},"excerpt":{"rendered":"<p>Cagliari &#8211;\u00a0Il maltempo devasta il Nordovest. Il bilancio \u00e8 di due morti (in Valle d&#8217;Aosta e nel Vercellese) e 2 dispersi (uno in Piemonte, l&#8217;altro&#8230;<\/p>\n","protected":false},"author":2,"featured_media":195590,"comment_status":"closed","ping_status":"open","sticky":false,"template":"","format":"standard","meta":[],"categories":[49,51],"tags":[],"_links":{"self":[{"href":"https:\/\/www.cronacaonline.it\/index.php\/wp-json\/wp\/v2\/posts\/195589"}],"collection":[{"href":"https:\/\/www.cronacaonline.it\/index.php\/wp-json\/wp\/v2\/posts"}],"about":[{"href":"https:\/\/www.cronacaonline.it\/index.php\/wp-json\/wp\/v2\/types\/post"}],"author":[{"embeddable":true,"href":"https:\/\/www.cronacaonline.it\/index.php\/wp-json\/wp\/v2\/users\/2"}],"replies":[{"embeddable":true,"href":"https:\/\/www.cronacaonline.it\/index.php\/wp-json\/wp\/v2\/comments?post=195589"}],"version-history":[{"count":1,"href":"https:\/\/www.cronacaonline.it\/index.php\/wp-json\/wp\/v2\/posts\/195589\/revisions"}],"predecessor-version":[{"id":195591,"href":"https:\/\/www.cronacaonline.it\/index.php\/wp-json\/wp\/v2\/posts\/195589\/revisions\/195591"}],"wp:featuredmedia":[{"embeddable":true,"href":"https:\/\/www.cronacaonline.it\/index.php\/wp-json\/wp\/v2\/media\/195590"}],"wp:attachment":[{"href":"https:\/\/www.cronacaonline.it\/index.php\/wp-json\/wp\/v2\/media?parent=195589"}],"wp:term":[{"taxonomy":"category","embeddable":true,"href":"https:\/\/www.cronacaonline.it\/index.php\/wp-json\/wp\/v2\/categories?post=195589"},{"taxonomy":"post_tag","embeddable":true,"href":"https:\/\/www.cronacaonline.it\/index.php\/wp-json\/wp\/v2\/tags?post=195589"}],"curies":[{"name":"wp","href":"https:\/\/api.w.org\/{rel}","templated":true}]}}