{"id":194781,"date":"2020-09-20T17:00:51","date_gmt":"2020-09-20T15:00:51","guid":{"rendered":"https:\/\/www.cronacaonline.it\/?p=194781"},"modified":"2020-09-20T17:00:53","modified_gmt":"2020-09-20T15:00:53","slug":"coronavirus-in-europa-aumento-infezioni-in-europa-in-francia-e-record-nuovi-casi","status":"publish","type":"post","link":"https:\/\/www.cronacaonline.it\/index.php\/2020\/09\/20\/coronavirus-in-europa-aumento-infezioni-in-europa-in-francia-e-record-nuovi-casi\/","title":{"rendered":"Coronavirus in Europa, aumento infezioni in Europa. In Francia \u00e8 record nuovi casi."},"content":{"rendered":"\n<p>Cagliari, 20 Sett 2020 - Molti Paesi in Europa hanno assistito al moltiplicarsi delle infezioni in un contesto pi\u00f9 ampio che vede il trend dei contagi risalire.<br>Ancora numeri allarmanti in\u00a0Francia, dove per il secondo giorno consecutivo \u00e8 stata superata la soglia delle 13mila infezioni. Nello specifico, sono stati 13.498 i casi in un giorno, quasi 300 in pi\u00f9 rispetto al bilancio precedente.<br>In\u00a0Germania\u00a0sono stati quasi 2.300 i nuovi casi nelle ultime 24 ore, secondo il Robert Koch Institut, per 270mila contagi complessivi. Si tratta del numero pi\u00f9 alto da aprile, mentre il picco maggiore raggiunto in un giorno, di circa 6mila casi, risale al periodo tra fine marzo e inizio aprile.<br>L'andamento delle infezioni, dopo una prima battuta di arresto, \u00e8 risalito a luglio e si \u00e8 attestato intorno ai 2mila ad agosto. Tuttavia, dietro il numero crescente, ci sarebbe anche l'aumento, in parallelo, della capacit\u00e0 del Paese di effettuare i test. Per quanto riguarda i decessi, ne sono stati calcolati altri 6, facendo salire il totale a 9.384.<br>A partire da luned\u00ec, in\u00a0Spagna, alcune zone di Madrid saranno soggette a lockdown per frenare l'aumento dei casi di Covid-19. Lo ha riferito ieri la Bbc online. Il provvedimento riguarda oltre 850mila persone nella regione di Madrid che saranno sottoposte a restrizioni per i viaggi e gli assembramenti. La Spagna ha il maggior numero di casi di coronavirus in Europa e Madrid \u00e8 di nuovo la regione pi\u00f9 colpita.\u00a0<br>La situazione non migliora nel\u00a0Regno Unito: dopo l'annuncio da parte del premier Johnson di una seconda ondata, sono stati conteggiati 4.422 casi nelle ultime 24 ore (100 in pi\u00f9 rispetto a ieri), dato che non si sfiorava dall'8 maggio. Nonostante le cifre siano tutt'altro che confortanti, non sono mancate le contestazioni a Londra, dove centinaia di manifestanti si sono radunati a Trafalgar Square per protestare contro le misure di lockdown e in generale le restrizioni imposte dalla pandemia, come il divieto di raduno in pi\u00f9 di sei persone. Tra dimostranti e forze dell'ordine si sono registrati attimi di tensione, mentre la polizia ha riferito di \"sacche di ostilit\u00e0 e focolai di violenza contro gli ufficiali\".<\/p>\n\n\n\n<p>Multe fino a diecimila sterline, o undicimila euro, per chi viola la quarantena imposta per contenere la diffusione del coronavirus, ha deciso il governo britannico. Le misure entreranno in vigore dal 28 settembre e riguarderanno le persone risultate positive al test per il Covid-19 o coloro chiamate a rispettare l'isolamento dal Servizio sanitario nazionale.<\/p>\n\n\n\n<p>Il modo migliore per combattere il virus \u00e8 che tutti seguano le regole e che le persone a rischio di trasmissione della malattia si isolino\", si legge in una nota del primo ministro britannico.<br><br>\"Nessuno deve sottovalutare l'importanza di queste misure\", ha aggiunto Johnson.&nbsp;&nbsp;La Gran Bretagna prevede che le persone che risultano positive al test per il Covid-19 si auto isolino per 10 giorni, mentre quelle che convivono con una persona che risulta positiva o mostra sintomi devono auto-isolarsi per 14 giorni. Per il mancato rispetto delle regole, le multe andranno da mille sterline fino a diecimila, per le violazioni ripetute o considerate pi\u00f9 gravi.&nbsp;''Siamo a un punto di svolta e abbiamo fatto una scelta'', ha dichiarato alla Bbc il ministro della Salute britannico Matt Hancock, affermando che le restrizioni in Inghilterra diventeranno pi\u00f9 severe se le regole non vengono rispettate. \"Se tutti seguono le regole, possiamo evitare un ulteriore lockdown nazionale\".<\/p>\n\n\n\n<p>Anche in&nbsp;Romania&nbsp;il numero di nuovi casi \u00e8 aumentato negli ultimi giorni, con un record di 1.713 contagi a inizio settimana e di altri 1.333 ieri. Al centro della contestazione il presidente, Klaus Iohannis, e il primo ministro, Ludovic Orban, e il convincimento espresso dai partecipanti al corteo che le restrizioni adottate contro la pandemia siano paragonabili a forme di repressione messe in atto durante il regime comunista e nazista.<\/p>\n\n\n\n<p>Cifre preoccupanti sono emerse anche in&nbsp;<strong>Polonia<\/strong>, dove sono stati segnalati 1.002 casi in 24 ore, portando il totale nel Paese a quota 78.330. Una nota positiva arriva dall'Austria.<\/p>\n\n\n\n<p>\"Dalla prospettiva che abbiamo oggi ci si aspetta che nella prima met\u00e0 del 2021 non solo sar\u00e0 trovato il vaccino ma sar\u00e0 anche approvato e utilizzato in Europa\", ha fatto sapere il cancelliere Sebastian Kurz ricordando che l'obiettivo rimane quello di \"prevenire un secondo lockdown\". Com<\/p>\n","protected":false},"excerpt":{"rendered":"<p>Cagliari, 20 Sett 2020 &#8211; Molti Paesi in Europa hanno assistito al moltiplicarsi delle infezioni in un contesto pi\u00f9 ampio che vede il trend dei&#8230;<\/p>\n","protected":false},"author":2,"featured_media":191328,"comment_status":"closed","ping_status":"open","sticky":false,"template":"","format":"standard","meta":[],"categories":[49,51],"tags":[],"_links":{"self":[{"href":"https:\/\/www.cronacaonline.it\/index.php\/wp-json\/wp\/v2\/posts\/194781"}],"collection":[{"href":"https:\/\/www.cronacaonline.it\/index.php\/wp-json\/wp\/v2\/posts"}],"about":[{"href":"https:\/\/www.cronacaonline.it\/index.php\/wp-json\/wp\/v2\/types\/post"}],"author":[{"embeddable":true,"href":"https:\/\/www.cronacaonline.it\/index.php\/wp-json\/wp\/v2\/users\/2"}],"replies":[{"embeddable":true,"href":"https:\/\/www.cronacaonline.it\/index.php\/wp-json\/wp\/v2\/comments?post=194781"}],"version-history":[{"count":1,"href":"https:\/\/www.cronacaonline.it\/index.php\/wp-json\/wp\/v2\/posts\/194781\/revisions"}],"predecessor-version":[{"id":194782,"href":"https:\/\/www.cronacaonline.it\/index.php\/wp-json\/wp\/v2\/posts\/194781\/revisions\/194782"}],"wp:featuredmedia":[{"embeddable":true,"href":"https:\/\/www.cronacaonline.it\/index.php\/wp-json\/wp\/v2\/media\/191328"}],"wp:attachment":[{"href":"https:\/\/www.cronacaonline.it\/index.php\/wp-json\/wp\/v2\/media?parent=194781"}],"wp:term":[{"taxonomy":"category","embeddable":true,"href":"https:\/\/www.cronacaonline.it\/index.php\/wp-json\/wp\/v2\/categories?post=194781"},{"taxonomy":"post_tag","embeddable":true,"href":"https:\/\/www.cronacaonline.it\/index.php\/wp-json\/wp\/v2\/tags?post=194781"}],"curies":[{"name":"wp","href":"https:\/\/api.w.org\/{rel}","templated":true}]}}