{"id":194773,"date":"2020-09-20T11:31:59","date_gmt":"2020-09-20T09:31:59","guid":{"rendered":"https:\/\/www.cronacaonline.it\/?p=194773"},"modified":"2020-09-20T11:32:01","modified_gmt":"2020-09-20T09:32:01","slug":"addio-alla-grande-giornalista-rossana-rossanda-che-fondo-il-manifesto","status":"publish","type":"post","link":"https:\/\/www.cronacaonline.it\/index.php\/2020\/09\/20\/addio-alla-grande-giornalista-rossana-rossanda-che-fondo-il-manifesto\/","title":{"rendered":"Addio alla grande giornalista Rossana Rossanda che fond\u00f2 Il Manifesto."},"content":{"rendered":"\n<p>Roma, 20 Sett 21020 - \" Rossana Rossanda, grande giornalista italiana, ci lascia. E in Italia lascia un grande vuoto e una grande tristezza nel mondo giornalistico. Infatti, nella notte \u00e8 morta, a Roma, la Rossanda. Aveva 96 anni\". Ad annunciarlo con un tweet\u00a0Il Manifesto, quotidiano da lei co-fondato.\u00a0\"Ricorderemo la nostra fondatrice sul giornale in edicola marted\u00ec\" annuncia il giornale.<br><br>Nata a Pola il 23 aprile 1924, \u00e8 stata giornalista, scrittrice e dirigente del Pci negli anni Cinquanta e Sessanta, frequent\u00f2 il liceo classico 'Alessandro Manzoni' di Milano e anticip\u00f2 di un anno l'esame di\u00a0maturit\u00e0. All'Universit\u00e0 Statale di Milano fu allieva del filosofo Antonio Banfi; giovanissima partecip\u00f2 alla Resistenza e nel 1946 si iscrisse al Pci nel 1946. Nel 1958 entr\u00f2 nel comitato centrale del Pci e grazie anche alla sua vasta cultura venne nominata dal segretario\u00a0Palmiro Togliatti responsabile della sezione di politica culturale del Pci, che diresse dal 1963 al 1966.\u00a0 \u00a0 \u00a0 \u00a0<br><br>Deputato alla Camera (1963-68), partecip\u00f2 nel 1969 alla fondazione del mensile \"Il Manifesto\" con Luigi Pintor, Valentino Parlato, Lucio\u00a0 Magri, Aldo Natoli, Luciana Castellina, Massimo Caprara. Accusata di frazionismo, fu radiata dal Pci. Contribu\u00ec quindi alla costituzione\u00a0del movimento politico del Manifesto militando poi nel Partito di\u00a0unit\u00e0 proletaria per il comunismo (Pdup, 1976-79), di cui fu\u00a0cofondatrice.\u00a0 Tra i fondatori del quotidiano \"Il Manifesto\" nel 1971, che ha\u00a0lasciato nel 2012 per discrepanze con l'allora nuova direzione, ne \u00e8\u00a0stata pi\u00f9 volte direttrice e, comunque, una delle figure pi\u00f9\u00a0autorevoli e rappresentative.<\/p>\n\n\n\n<figure class=\"wp-block-image size-large is-resized\"><img loading=\"lazy\" src=\"https:\/\/www.cronacaonline.it\/wp-content\/uploads\/2020\/09\/Morta-a-Roma-Rossana-Rossanda.jpg\" alt=\"\" class=\"wp-image-194775\" width=\"740\" height=\"740\" srcset=\"https:\/\/www.cronacaonline.it\/wp-content\/uploads\/2020\/09\/Morta-a-Roma-Rossana-Rossanda.jpg 600w, https:\/\/www.cronacaonline.it\/wp-content\/uploads\/2020\/09\/Morta-a-Roma-Rossana-Rossanda-300x300.jpg 300w, https:\/\/www.cronacaonline.it\/wp-content\/uploads\/2020\/09\/Morta-a-Roma-Rossana-Rossanda-150x150.jpg 150w\" sizes=\"(max-width: 740px) 100vw, 740px\" \/><\/figure>\n\n\n\n<p>Presso Einaudi di recente ha pubblicato l'autobiografico \"La&nbsp;ragazza del secolo scorso\" (2005), \"Un viaggio inutile\" (2008) e&nbsp;\"Quando si pensava in grande\" (2013). Il suo ultimo libro \u00e8 \"Questo corpo che mi abita\" (Bollati Boringhieri, 2018).<\/p>\n","protected":false},"excerpt":{"rendered":"<p>Roma, 20 Sett 21020 &#8211; &#8221; Rossana Rossanda, grande giornalista italiana, ci lascia. E in Italia lascia un grande vuoto e una grande tristezza nel&#8230;<\/p>\n","protected":false},"author":2,"featured_media":194774,"comment_status":"closed","ping_status":"open","sticky":false,"template":"","format":"standard","meta":[],"categories":[49,51],"tags":[],"_links":{"self":[{"href":"https:\/\/www.cronacaonline.it\/index.php\/wp-json\/wp\/v2\/posts\/194773"}],"collection":[{"href":"https:\/\/www.cronacaonline.it\/index.php\/wp-json\/wp\/v2\/posts"}],"about":[{"href":"https:\/\/www.cronacaonline.it\/index.php\/wp-json\/wp\/v2\/types\/post"}],"author":[{"embeddable":true,"href":"https:\/\/www.cronacaonline.it\/index.php\/wp-json\/wp\/v2\/users\/2"}],"replies":[{"embeddable":true,"href":"https:\/\/www.cronacaonline.it\/index.php\/wp-json\/wp\/v2\/comments?post=194773"}],"version-history":[{"count":1,"href":"https:\/\/www.cronacaonline.it\/index.php\/wp-json\/wp\/v2\/posts\/194773\/revisions"}],"predecessor-version":[{"id":194776,"href":"https:\/\/www.cronacaonline.it\/index.php\/wp-json\/wp\/v2\/posts\/194773\/revisions\/194776"}],"wp:featuredmedia":[{"embeddable":true,"href":"https:\/\/www.cronacaonline.it\/index.php\/wp-json\/wp\/v2\/media\/194774"}],"wp:attachment":[{"href":"https:\/\/www.cronacaonline.it\/index.php\/wp-json\/wp\/v2\/media?parent=194773"}],"wp:term":[{"taxonomy":"category","embeddable":true,"href":"https:\/\/www.cronacaonline.it\/index.php\/wp-json\/wp\/v2\/categories?post=194773"},{"taxonomy":"post_tag","embeddable":true,"href":"https:\/\/www.cronacaonline.it\/index.php\/wp-json\/wp\/v2\/tags?post=194773"}],"curies":[{"name":"wp","href":"https:\/\/api.w.org\/{rel}","templated":true}]}}