{"id":191803,"date":"2020-07-15T15:54:40","date_gmt":"2020-07-15T13:54:40","guid":{"rendered":"https:\/\/www.cronacaonline.it\/?p=191803"},"modified":"2020-07-15T15:54:41","modified_gmt":"2020-07-15T13:54:41","slug":"un-giovane-di-nurri-trovato-in-possesso-di-un-coltello-nascosto-nellanfibio-sinistro-denunciato-dai-carabinieri-della-stazione-del-paese","status":"publish","type":"post","link":"https:\/\/www.cronacaonline.it\/index.php\/2020\/07\/15\/un-giovane-di-nurri-trovato-in-possesso-di-un-coltello-nascosto-nellanfibio-sinistro-denunciato-dai-carabinieri-della-stazione-del-paese\/","title":{"rendered":"Un giovane di Nurri trovato in possesso di un coltello nascosto nell\u2019anfibio sinistro: denunciato dai carabinieri della Stazione del paese."},"content":{"rendered":"\n<p>Nurri (Su), 15 Lug 2020 - Nell\u2019ambito dei servizi di prevenzione finalizzati alla tutela dell\u2019ordine e della sicurezza pubblica, i Carabinieri della Stazione di Nurri hanno denunciato alla Procura della Repubblica di Cagliari un 25enne di Genoni per porto ingiustificato di oggetti atti ad offendere.<\/p>\n\n\n\n<p>Il giovane \u00e8 stato fermato dentro il paese in orario notturno a bordo di un\u2019autovettura insieme ad un\u2019altra persona, e poi \u00e8 stato trovato in possesso di un coltello del genere proibito con lunghezza complessiva di 21 cm di cui 9 di lama occultato all\u2019interno dell\u2019anfibio sinistro.<\/p>\n\n\n\n<p>Quindi considerate le circostanze di tempo e di luogo del controllo, la modalit\u00e0 del porto dell\u2019arma e le giustificazioni addotte a seguito del suo rinvenimento, i militari hanno cos\u00ec proceduto al deferimento in stato di libert\u00e0 del giovane e al contestuale sequestro del coltello, perch\u00e9 vietato portare fuori dalla propria abitazione e dalle appartenenze di essa, senza giustificato motivo, strumenti da punta o da taglio atti ad offendere.<\/p>\n","protected":false},"excerpt":{"rendered":"<p>Nurri (Su), 15 Lug 2020 &#8211; Nell\u2019ambito dei servizi di prevenzione finalizzati alla tutela dell\u2019ordine e della sicurezza pubblica, i Carabinieri della Stazione di Nurri&#8230;<\/p>\n","protected":false},"author":2,"featured_media":160572,"comment_status":"closed","ping_status":"open","sticky":false,"template":"","format":"standard","meta":[],"categories":[49,51,55],"tags":[],"_links":{"self":[{"href":"https:\/\/www.cronacaonline.it\/index.php\/wp-json\/wp\/v2\/posts\/191803"}],"collection":[{"href":"https:\/\/www.cronacaonline.it\/index.php\/wp-json\/wp\/v2\/posts"}],"about":[{"href":"https:\/\/www.cronacaonline.it\/index.php\/wp-json\/wp\/v2\/types\/post"}],"author":[{"embeddable":true,"href":"https:\/\/www.cronacaonline.it\/index.php\/wp-json\/wp\/v2\/users\/2"}],"replies":[{"embeddable":true,"href":"https:\/\/www.cronacaonline.it\/index.php\/wp-json\/wp\/v2\/comments?post=191803"}],"version-history":[{"count":1,"href":"https:\/\/www.cronacaonline.it\/index.php\/wp-json\/wp\/v2\/posts\/191803\/revisions"}],"predecessor-version":[{"id":191804,"href":"https:\/\/www.cronacaonline.it\/index.php\/wp-json\/wp\/v2\/posts\/191803\/revisions\/191804"}],"wp:featuredmedia":[{"embeddable":true,"href":"https:\/\/www.cronacaonline.it\/index.php\/wp-json\/wp\/v2\/media\/160572"}],"wp:attachment":[{"href":"https:\/\/www.cronacaonline.it\/index.php\/wp-json\/wp\/v2\/media?parent=191803"}],"wp:term":[{"taxonomy":"category","embeddable":true,"href":"https:\/\/www.cronacaonline.it\/index.php\/wp-json\/wp\/v2\/categories?post=191803"},{"taxonomy":"post_tag","embeddable":true,"href":"https:\/\/www.cronacaonline.it\/index.php\/wp-json\/wp\/v2\/tags?post=191803"}],"curies":[{"name":"wp","href":"https:\/\/api.w.org\/{rel}","templated":true}]}}