{"id":191505,"date":"2020-07-10T15:34:43","date_gmt":"2020-07-10T13:34:43","guid":{"rendered":"http:\/\/www.cronacaonline.it\/public\/content\/?p=191462"},"modified":"2020-07-10T15:34:43","modified_gmt":"2020-07-10T13:34:43","slug":"visita-al-prefetto-di-cagliari-bruno-corda-del-comandante-interregionale-dellitalia-centrale-della-guardia-di-finanza-generale-di-corpo-darmata-andrea-de-gennaro","status":"publish","type":"post","link":"https:\/\/www.cronacaonline.it\/index.php\/2020\/07\/10\/visita-al-prefetto-di-cagliari-bruno-corda-del-comandante-interregionale-dellitalia-centrale-della-guardia-di-finanza-generale-di-corpo-darmata-andrea-de-gennaro\/","title":{"rendered":"Visita al Prefetto di Cagliari Bruno Corda del Comandante Interregionale dell\u2019Italia Centrale della Guardia di Finanza, Generale di Corpo d\u2019Armata\u00a0Andrea De Gennaro"},"content":{"rendered":"<p>Cagliari, 10 Lug 2020 \u2013 Questa mattina a Cagliari, Palazzo Regio, il Prefetto del capoluogo regionale, Bruno Corda, ha ricevuto il Generale di Corpo d\u2019Armata\u00a0Andrea De Gennaro, Comandante Interregionale dell\u2019Italia Centrale della Guardia di Finanza, accompagnato nell\u2019occasione dal Generale di Brigata Gioacchino Angeloni, Comandante Regionale Sardegna della Guardia di Finanza, dal Generale di Brigata Patrizio Vezzoli, Comandante Provinciale della Guardia di Finanza di Cagliari e dal Colonnello Vittorio Capriello, Comandante del Nucleo Polizia Economico-Finanziaria Guardia di Finanza di Cagliari.<\/p>\n<p>L\u2019incontro \u00e8 stato occasione per un confronto in merito alle attivit\u00e0 svolte e quelle in fase di predisposizione finalizzate agli indispensabili controlli per quanto attiene l\u2019attuale situazione economica, secondo quanto indicato dal Ministero dell\u2019Interno.<\/p>\n<p>Infatti, \u00e8 stata comunemente valutata la costituzione di un organismo di vigilanza che, acquisite le necessarie informazioni attraverso un meccanismo di condivisione delle Banche Dati, sia nella condizione di verificare eventuali infiltrazioni della criminalit\u00e0 comune e organizzata all\u2019interno del tessuto economico, sia per quanto attiene l\u2019acquisizione lecita di attivit\u00e0 economiche, sia per il conseguimento dei contributi<\/p>\n<p>Al termine dell\u2019incontro, - si legge nella nota della prefettura di Cagliari - il Prefetto Corda ha espresso il proprio apprezzamento per l\u2019impegno quotidianamente profuso dalla Guardia di Finanza a tutela della legalit\u00e0, nel contrasto della criminalit\u00e0 organizzata e del fenomeno delle infiltrazione mafiosa che, peraltro, attualmente si trova ad operare in un tessuto sociale gi\u00e0 fortemente provato dalla annosa crisi economica ulteriormente aggravatasi a seguito dell\u2019emergenza da Covid \u2013 19.<\/p>\n<p>Il Prefetto, infatti, ha evidenziato come il lavoro della Guardia di Finanza costituisca da sempre un punto di riferimento per la cittadinanza e l\u2019intera comunit\u00e0, nonch\u00e9 un valido, costante supporto nella gestione e nel controllo efficace del territorio, grazie alla leale collaborazione e sinergia che intercorre tra le Amministrazioni.<\/p>\n<p>Nel congedarsi, - conclude il comunicato del Prefetto Corda - il Generale De Gennaro e il Prefetto hanno convenuto come il favorevole clima creatosi con tutte le Istituzioni e le realt\u00e0 locali, unito alla professionalit\u00e0 e perfetta sintonia che accomuna le squadre della Guardia di Finanza che operano nell\u2019Isola, contribuiscano a rendere ancora pi\u00f9 proficui, in termini di operosit\u00e0 e risultati, le attivit\u00e0 delle stesse. Com<\/p>\n","protected":false},"excerpt":{"rendered":"<p>Cagliari, 10 Lug 2020 \u2013 Questa mattina a Cagliari, Palazzo Regio, il Prefetto del capoluogo regionale, Bruno Corda, ha ricevuto il Generale di Corpo d\u2019Armata\u00a0Andrea&#8230;<\/p>\n","protected":false},"author":2,"featured_media":191465,"comment_status":"closed","ping_status":"closed","sticky":false,"template":"","format":"standard","meta":[],"categories":[49,51,55],"tags":[],"_links":{"self":[{"href":"https:\/\/www.cronacaonline.it\/index.php\/wp-json\/wp\/v2\/posts\/191505"}],"collection":[{"href":"https:\/\/www.cronacaonline.it\/index.php\/wp-json\/wp\/v2\/posts"}],"about":[{"href":"https:\/\/www.cronacaonline.it\/index.php\/wp-json\/wp\/v2\/types\/post"}],"author":[{"embeddable":true,"href":"https:\/\/www.cronacaonline.it\/index.php\/wp-json\/wp\/v2\/users\/2"}],"replies":[{"embeddable":true,"href":"https:\/\/www.cronacaonline.it\/index.php\/wp-json\/wp\/v2\/comments?post=191505"}],"version-history":[{"count":0,"href":"https:\/\/www.cronacaonline.it\/index.php\/wp-json\/wp\/v2\/posts\/191505\/revisions"}],"wp:featuredmedia":[{"embeddable":true,"href":"https:\/\/www.cronacaonline.it\/index.php\/wp-json\/wp\/v2\/posts\/191465"}],"wp:attachment":[{"href":"https:\/\/www.cronacaonline.it\/index.php\/wp-json\/wp\/v2\/media?parent=191505"}],"wp:term":[{"taxonomy":"category","embeddable":true,"href":"https:\/\/www.cronacaonline.it\/index.php\/wp-json\/wp\/v2\/categories?post=191505"},{"taxonomy":"post_tag","embeddable":true,"href":"https:\/\/www.cronacaonline.it\/index.php\/wp-json\/wp\/v2\/tags?post=191505"}],"curies":[{"name":"wp","href":"https:\/\/api.w.org\/{rel}","templated":true}]}}