{"id":185408,"date":"2020-03-04T11:01:52","date_gmt":"2020-03-04T10:01:52","guid":{"rendered":"https:\/\/www.cronacaonline.it\/?p=185408"},"modified":"2020-03-04T11:01:52","modified_gmt":"2020-03-04T10:01:52","slug":"pregiudicato-affidato-in-prova-presso-una-comunita-di-recupero-non-e-rientrato-dal-permesso-e-quindi-e-stato-rintracciato-arrestato-e-rinchiuso-in-carcere","status":"publish","type":"post","link":"https:\/\/www.cronacaonline.it\/index.php\/2020\/03\/04\/pregiudicato-affidato-in-prova-presso-una-comunita-di-recupero-non-e-rientrato-dal-permesso-e-quindi-e-stato-rintracciato-arrestato-e-rinchiuso-in-carcere\/","title":{"rendered":"Pregiudicato affidato in prova presso una comunit\u00e0 di recupero non \u00e8 rientrato dal permesso e quindi \u00e8 stato rintracciato, arrestato e rinchiuso in carcere."},"content":{"rendered":"<p>Cagliari, 4 Mar 2020 \u2013 Gli agenti della Squadra Mobile, Gruppo Falchi, hanno rintracciato e tratto in arresto Manuel Corona, di 30 anni, di Cagliari.<\/p>\n<p>Il giovane era stato affidato in prova presso una comunit\u00e0 in relazione ad un residuo di pena di 5 anni di reclusione per i reati di rapina, detenzione e porto illegale di arma, lesioni, danneggiamento seguito da incendio, furto ed esplosioni in luogo pubblico, commessi a Cagliari ed a Quartu Sant\u2019Elena nel 2017.<\/p>\n<p>Il provvedimento di cattura emesso dall\u2019Ufficio di Sorveglianza di Cagliari \u00e8 conseguenza dello stato di irreperibilit\u00e0 del pregiudicato, dal 27 febbraio scorso, dopo avere rubato un\u2019autovettura di propriet\u00e0 di un\u2019Associazione di Villacidro non \u00e8 pi\u00f9 rientrato in comunit\u00e0. Quindi ieri \u00e8 stato rintracciato e arrestato e ultimate le formalit\u00e0 di legge in Questura \u00e8 stato accompagnato e rinchiuso presso il carcere di Uta.<\/p>\n<p>&nbsp;<\/p>\n","protected":false},"excerpt":{"rendered":"<p>Cagliari, 4 Mar 2020 \u2013 Gli agenti della Squadra Mobile, Gruppo Falchi, hanno rintracciato e tratto in arresto Manuel Corona, di 30 anni, di Cagliari.&#8230;<\/p>\n","protected":false},"author":2,"featured_media":143337,"comment_status":"closed","ping_status":"closed","sticky":false,"template":"","format":"standard","meta":[],"categories":[49,51,55],"tags":[],"_links":{"self":[{"href":"https:\/\/www.cronacaonline.it\/index.php\/wp-json\/wp\/v2\/posts\/185408"}],"collection":[{"href":"https:\/\/www.cronacaonline.it\/index.php\/wp-json\/wp\/v2\/posts"}],"about":[{"href":"https:\/\/www.cronacaonline.it\/index.php\/wp-json\/wp\/v2\/types\/post"}],"author":[{"embeddable":true,"href":"https:\/\/www.cronacaonline.it\/index.php\/wp-json\/wp\/v2\/users\/2"}],"replies":[{"embeddable":true,"href":"https:\/\/www.cronacaonline.it\/index.php\/wp-json\/wp\/v2\/comments?post=185408"}],"version-history":[{"count":0,"href":"https:\/\/www.cronacaonline.it\/index.php\/wp-json\/wp\/v2\/posts\/185408\/revisions"}],"wp:featuredmedia":[{"embeddable":true,"href":"https:\/\/www.cronacaonline.it\/index.php\/wp-json\/wp\/v2\/media\/143337"}],"wp:attachment":[{"href":"https:\/\/www.cronacaonline.it\/index.php\/wp-json\/wp\/v2\/media?parent=185408"}],"wp:term":[{"taxonomy":"category","embeddable":true,"href":"https:\/\/www.cronacaonline.it\/index.php\/wp-json\/wp\/v2\/categories?post=185408"},{"taxonomy":"post_tag","embeddable":true,"href":"https:\/\/www.cronacaonline.it\/index.php\/wp-json\/wp\/v2\/tags?post=185408"}],"curies":[{"name":"wp","href":"https:\/\/api.w.org\/{rel}","templated":true}]}}