{"id":184802,"date":"2020-02-17T20:31:30","date_gmt":"2020-02-17T19:31:30","guid":{"rendered":"https:\/\/www.cronacaonline.it\/?p=184802"},"modified":"2020-02-17T20:31:30","modified_gmt":"2020-02-17T19:31:30","slug":"sicurezza-si-va-verso-due-decreti-separati","status":"publish","type":"post","link":"https:\/\/www.cronacaonline.it\/index.php\/2020\/02\/17\/sicurezza-si-va-verso-due-decreti-separati\/","title":{"rendered":"Sicurezza, si va verso due decreti separati"},"content":{"rendered":"<p>Roma, 17 Feb 2020 - Si va verso due decreti separati: uno sulla sicurezza e un altro sull'immigrazione.<\/p>\n<p>\u00c8 questo l'esito del vertice tenuto a Palazzo Chigi dalle forze della maggioranza, alla presenza anche del premier Conte e dei ministri Lamorgese e Guerini, per modificare i decreti Salvini.<\/p>\n<p>\"Il giudizio che diamo della riunione \u00e8 positivo, si sono fatti molti passi avanti, si sono condivisi obiettivi comuni e si \u00e8 affrontato in modo molto concreto quello che \u00e8 l'esito di questo anno e mezzo di decreti, valutando tutte le questioni negative che hanno portato e decidendo di intervenire\".<\/p>\n<p>Lo ha detto il viceministro all'Interno, Matteo Mauri del Pd, al termine del vertice a palazzo Chigi.<\/p>\n<p>Intanto, resta alta la tensione nella maggioranza.\u00a0\"Sulla prescrizione abbiamo detto che non siamo d'accordo. Per noi \u00e8 un problema di civilt\u00e0, non un puntiglio. Sui valori non si pu\u00f2 mediare, faremo la battaglia. Voteremo la proposta di Fi? Era la nostra proposta. In Parlamento non cederemo di un millimetro\". Cos\u00ec il capo delegazione di Iv e ministro Teresa Bellanova intervenendo alla convention di Italia Viva a Palermo.<\/p>\n","protected":false},"excerpt":{"rendered":"<p>Roma, 17 Feb 2020 &#8211; Si va verso due decreti separati: uno sulla sicurezza e un altro sull&#8217;immigrazione. \u00c8 questo l&#8217;esito del vertice tenuto a&#8230;<\/p>\n","protected":false},"author":2,"featured_media":183611,"comment_status":"closed","ping_status":"closed","sticky":false,"template":"","format":"standard","meta":[],"categories":[49,50],"tags":[],"_links":{"self":[{"href":"https:\/\/www.cronacaonline.it\/index.php\/wp-json\/wp\/v2\/posts\/184802"}],"collection":[{"href":"https:\/\/www.cronacaonline.it\/index.php\/wp-json\/wp\/v2\/posts"}],"about":[{"href":"https:\/\/www.cronacaonline.it\/index.php\/wp-json\/wp\/v2\/types\/post"}],"author":[{"embeddable":true,"href":"https:\/\/www.cronacaonline.it\/index.php\/wp-json\/wp\/v2\/users\/2"}],"replies":[{"embeddable":true,"href":"https:\/\/www.cronacaonline.it\/index.php\/wp-json\/wp\/v2\/comments?post=184802"}],"version-history":[{"count":0,"href":"https:\/\/www.cronacaonline.it\/index.php\/wp-json\/wp\/v2\/posts\/184802\/revisions"}],"wp:featuredmedia":[{"embeddable":true,"href":"https:\/\/www.cronacaonline.it\/index.php\/wp-json\/wp\/v2\/media\/183611"}],"wp:attachment":[{"href":"https:\/\/www.cronacaonline.it\/index.php\/wp-json\/wp\/v2\/media?parent=184802"}],"wp:term":[{"taxonomy":"category","embeddable":true,"href":"https:\/\/www.cronacaonline.it\/index.php\/wp-json\/wp\/v2\/categories?post=184802"},{"taxonomy":"post_tag","embeddable":true,"href":"https:\/\/www.cronacaonline.it\/index.php\/wp-json\/wp\/v2\/tags?post=184802"}],"curies":[{"name":"wp","href":"https:\/\/api.w.org\/{rel}","templated":true}]}}