{"id":183123,"date":"2019-12-31T11:25:02","date_gmt":"2019-12-31T10:25:02","guid":{"rendered":"http:\/\/www.cronacaonline.it\/public\/content\/?p=183123"},"modified":"2019-12-31T11:25:02","modified_gmt":"2019-12-31T10:25:02","slug":"maltrattamenti-in-famiglia-arrestato-un-56enne-della-provincia-di-oristano","status":"publish","type":"post","link":"https:\/\/www.cronacaonline.it\/index.php\/2019\/12\/31\/maltrattamenti-in-famiglia-arrestato-un-56enne-della-provincia-di-oristano\/","title":{"rendered":"Maltrattamenti in famiglia: arrestato un 56enne della provincia di Oristano"},"content":{"rendered":"<p>Oristano, 31 Dic 2019 \u2013 Il personale della Polizia di Stato della Questura di Oristano, su disposizione della locale Procura della Repubblica, ha eseguito una misura cautelare a carico di un uomo di 56 anni residente in un paese della provincia di Oristano, resosi responsabile dei reati di Maltrattamenti in Famiglia e Sequestro di persona posti in essere ai danni della compagna convivente e della figlia minore della coppia.<\/p>\n<p>Gli investigatori della seconda sezione della Squadra Mobile, dopo accurata e complessa attivit\u00e0 di indagine, hanno potuto accertare che, da almeno dieci anni, l\u2019uomo, con reiterate condotte vessatorie e violente, sottoponeva la compagna a quotidiani soprusi e percosse, poste in essere anche in presenza della figlia minore e causando alla donna, in pi\u00f9 occasioni, lesioni personali che non venivano dalla stessa mai denunciate.<\/p>\n<p>Tali atteggianti, accomunati dall\u2019abituale stato di ubriachezza dell\u2019uomo, sovente accompagnati da pesanti insulti e minacce di morte, sono poi culminate anche in numerose limitazioni della libert\u00e0 personale della vittima e della figlia che spesso venivano rinchiuse a chiave dentro casa, il cui portone di ingresso veniva talvolta bloccato mediante l\u2019utilizzo di catene.<\/p>\n<p>Ora l\u2019uomo, dopo esser stato condotto in Questura e allontanato dall\u2019abitazione familiare e dallo stesso paese di residenza, si trova a disposizione dell\u2019Autorit\u00e0 Giudiziaria e non potr\u00e0 pi\u00f9 avvicinarsi alla compagna e alla figlia, pena l\u2019applicazione nei suoi confronti della misura cautelare in carcere.<\/p>\n<p>\u00c8 questo il cinquantanovesimo caso di violenza ai danni di donne trattato dalla Squadra Mobile della Questura nel solo 2019 e son ben 16 gli uomini sottoposti a misure cautelari in carcere, in casa di cura, ai domiciliari o allontanati dalla casa familiare, disposte dall\u2019Autorit\u00e0 giudiziaria ed eseguite dalla Polizia di Stato per il reato di maltrattamenti in faglia e\/o atti persecutori con vittime donne e minori.<\/p>\n<p>&nbsp;<\/p>\n","protected":false},"excerpt":{"rendered":"<p>Oristano, 31 Dic 2019 \u2013 Il personale della Polizia di Stato della Questura di Oristano, su disposizione della locale Procura della Repubblica, ha eseguito una&#8230;<\/p>\n","protected":false},"author":2,"featured_media":145335,"comment_status":"closed","ping_status":"closed","sticky":false,"template":"","format":"standard","meta":[],"categories":[49,51,55],"tags":[],"_links":{"self":[{"href":"https:\/\/www.cronacaonline.it\/index.php\/wp-json\/wp\/v2\/posts\/183123"}],"collection":[{"href":"https:\/\/www.cronacaonline.it\/index.php\/wp-json\/wp\/v2\/posts"}],"about":[{"href":"https:\/\/www.cronacaonline.it\/index.php\/wp-json\/wp\/v2\/types\/post"}],"author":[{"embeddable":true,"href":"https:\/\/www.cronacaonline.it\/index.php\/wp-json\/wp\/v2\/users\/2"}],"replies":[{"embeddable":true,"href":"https:\/\/www.cronacaonline.it\/index.php\/wp-json\/wp\/v2\/comments?post=183123"}],"version-history":[{"count":0,"href":"https:\/\/www.cronacaonline.it\/index.php\/wp-json\/wp\/v2\/posts\/183123\/revisions"}],"wp:featuredmedia":[{"embeddable":true,"href":"https:\/\/www.cronacaonline.it\/index.php\/wp-json\/wp\/v2\/media\/145335"}],"wp:attachment":[{"href":"https:\/\/www.cronacaonline.it\/index.php\/wp-json\/wp\/v2\/media?parent=183123"}],"wp:term":[{"taxonomy":"category","embeddable":true,"href":"https:\/\/www.cronacaonline.it\/index.php\/wp-json\/wp\/v2\/categories?post=183123"},{"taxonomy":"post_tag","embeddable":true,"href":"https:\/\/www.cronacaonline.it\/index.php\/wp-json\/wp\/v2\/tags?post=183123"}],"curies":[{"name":"wp","href":"https:\/\/api.w.org\/{rel}","templated":true}]}}