{"id":182766,"date":"2019-12-18T20:02:47","date_gmt":"2019-12-18T19:02:47","guid":{"rendered":"http:\/\/www.cronacaonline.it\/public\/content\/?p=182766"},"modified":"2019-12-18T20:02:47","modified_gmt":"2019-12-18T19:02:47","slug":"europa-assessore-sanna-formazione-per-conoscere-strumenti-e-risorse-a-disposizione-degli-enti-locali","status":"publish","type":"post","link":"https:\/\/www.cronacaonline.it\/index.php\/2019\/12\/18\/europa-assessore-sanna-formazione-per-conoscere-strumenti-e-risorse-a-disposizione-degli-enti-locali\/","title":{"rendered":"Europa, assessore Sanna: &#8216; formazione per conoscere strumenti e risorse a disposizione degli enti locali&#8217;"},"content":{"rendered":"<p>Cagliari, 18 Dic 2019\u00a0\u2013 \u201cUn'iniziativa che ha fatto conoscere la realt\u00e0 europea a venti giovani, provenienti da piccoli comuni dell\u2019Isola, consentendogli di vedere l\u2019Europa come un\u2019opportunit\u00e0 per la crescita della nostra Isola\u201d. Lo ha detto l'assessore regionale degli Enti locali,\u00a0Quirico Sanna, durante la presentazione dei risultati del progetto\u00a0\u201cYoung work and territory in Sardinia\u201d, curato dall'associazione Focus Europe, rappresentata\u00a0dal presidente Giuseppe Cappai\u00a0e da\u00a0Efisio De Muru.\u00a0Il progetto aveva l'obiettivo di formare sugli strumenti che l\u2019Unione europea mette a disposizione degli enti locali e si \u00e8 concluso con uno stage nell\u2019ufficio della Regione a Bruxelles.<\/p>\n<p>\u201cDobbiamo investire sulla formazione \u2013 ha aggiunto l\u2019assessore Sanna \u2013 Farlo anche con ragazzi di piccole realt\u00e0 locali, che spesso non hanno la possibilit\u00e0 di finanziare la formazione dei propri giovani, \u00e8 un\u2019opportunit\u00e0 per far conoscere strumenti e risorse che l\u2019Europa mette a disposizione e che non sempre vengono utilizzate al meglio. Oltre ad essere uno strumento di crescita per le professionalit\u00e0 nel campo delle attivit\u00e0 di europrogettazione a supporto degli enti locali. Nei prossimi anni ci saranno grandi risorse disponibili e per non lasciarsi sfuggire questa occasione servono professionalit\u00e0, capacit\u00e0 e competenze. Sono risorse di cui la Sardegna ha enorme bisogno, perci\u00f2 valuteremo la ripetizione del progetto, eventualmente coinvolgendo pi\u00f9 comuni\u201d. Com<\/p>\n","protected":false},"excerpt":{"rendered":"<p>Cagliari, 18 Dic 2019\u00a0\u2013 \u201cUn&#8217;iniziativa che ha fatto conoscere la realt\u00e0 europea a venti giovani, provenienti da piccoli comuni dell\u2019Isola, consentendogli di vedere l\u2019Europa come&#8230;<\/p>\n","protected":false},"author":2,"featured_media":182767,"comment_status":"closed","ping_status":"closed","sticky":false,"template":"","format":"standard","meta":[],"categories":[49,51,52],"tags":[],"_links":{"self":[{"href":"https:\/\/www.cronacaonline.it\/index.php\/wp-json\/wp\/v2\/posts\/182766"}],"collection":[{"href":"https:\/\/www.cronacaonline.it\/index.php\/wp-json\/wp\/v2\/posts"}],"about":[{"href":"https:\/\/www.cronacaonline.it\/index.php\/wp-json\/wp\/v2\/types\/post"}],"author":[{"embeddable":true,"href":"https:\/\/www.cronacaonline.it\/index.php\/wp-json\/wp\/v2\/users\/2"}],"replies":[{"embeddable":true,"href":"https:\/\/www.cronacaonline.it\/index.php\/wp-json\/wp\/v2\/comments?post=182766"}],"version-history":[{"count":0,"href":"https:\/\/www.cronacaonline.it\/index.php\/wp-json\/wp\/v2\/posts\/182766\/revisions"}],"wp:featuredmedia":[{"embeddable":true,"href":"https:\/\/www.cronacaonline.it\/index.php\/wp-json\/wp\/v2\/media\/182767"}],"wp:attachment":[{"href":"https:\/\/www.cronacaonline.it\/index.php\/wp-json\/wp\/v2\/media?parent=182766"}],"wp:term":[{"taxonomy":"category","embeddable":true,"href":"https:\/\/www.cronacaonline.it\/index.php\/wp-json\/wp\/v2\/categories?post=182766"},{"taxonomy":"post_tag","embeddable":true,"href":"https:\/\/www.cronacaonline.it\/index.php\/wp-json\/wp\/v2\/tags?post=182766"}],"curies":[{"name":"wp","href":"https:\/\/api.w.org\/{rel}","templated":true}]}}