{"id":182741,"date":"2019-12-18T15:58:18","date_gmt":"2019-12-18T14:58:18","guid":{"rendered":"http:\/\/www.cronacaonline.it\/public\/content\/?p=182741"},"modified":"2019-12-18T15:58:18","modified_gmt":"2019-12-18T14:58:18","slug":"patto-per-la-salute-presidente-solinas-accolte-nostre-richieste-riaffermato-ruolo-regioni","status":"publish","type":"post","link":"https:\/\/www.cronacaonline.it\/index.php\/2019\/12\/18\/patto-per-la-salute-presidente-solinas-accolte-nostre-richieste-riaffermato-ruolo-regioni\/","title":{"rendered":"Patto per la salute, presidente Solinas: \u201caccolte nostre richieste, riaffermato ruolo regioni\u201d"},"content":{"rendered":"<p>Cagliari, 18 Dic 2019 -\u00a0\u201cPer la tutela della salute dei sardi non avremmo mai potuto accettare un Patto al ribasso, che non garantisse adeguati livelli di efficienza dei servizi. Abbiamo tenuto sempre una posizione chiara, improntata alla massima attenzione verso i malati, e alla fine le nostre richieste pi\u00f9 importanti sono state ascoltate e recepite. Si \u00e8 raggiunto cos\u00ec un accordo che riafferma il ruolo e l\u2019autonomia delle Regioni e, in un quadro nazionale, rappresenta un contributo alla crescita di un sistema sanitario moderno\u201d. Cos\u00ec il presidente della Regione, Christian Solinas, commenta l\u2019intesa raggiunta sul Patto per la salute\u00a0oggi\u00a0a Roma nel corso della Conferenza delle Regioni alla quale ha partecipato l\u2019assessore dell\u2019Industria, Anita Pili.<\/p>\n<p>\u201cLe nostre sono proposte di buon senso, che hanno trovato il favore della maggior parte delle Regioni\u201d, sottolinea l\u2019assessore regionale della Sanit\u00e0, Mario Nieddu. \u201cAbbiamo mostrato fermezza davanti all\u2019ipotesi di un\u2019intesa che non tenesse conto dei bisogni dei territori e la nuova formulazione del Patto dimostra che non ci sbagliavamo. Per rispondere alla carenza di personale abbiamo chiesto che i medici possano continuare a lavorare sino ai settant\u2019anni d\u2019et\u00e0, anche dopo aver raggiunto i quarant\u2019anni di contribuzione, e proposto l\u2019impiego degli specializzandi nei reparti ospedalieri a partire dal terzo anno. Abbiamo ottenuto un impegno preciso anche per la revisione del DM 70, che stabilisce standard e criteri troppo rigidi per la sopravvivenza dei servizi sanitari, senza considerare - conclude l\u2019esponente della Giunta Solinas - le esigenze e le peculiarit\u00e0 del territorio\u201d.<\/p>\n","protected":false},"excerpt":{"rendered":"<p>Cagliari, 18 Dic 2019 &#8211;\u00a0\u201cPer la tutela della salute dei sardi non avremmo mai potuto accettare un Patto al ribasso, che non garantisse adeguati livelli&#8230;<\/p>\n","protected":false},"author":2,"featured_media":180031,"comment_status":"closed","ping_status":"closed","sticky":false,"template":"","format":"standard","meta":[],"categories":[49,51,52],"tags":[],"_links":{"self":[{"href":"https:\/\/www.cronacaonline.it\/index.php\/wp-json\/wp\/v2\/posts\/182741"}],"collection":[{"href":"https:\/\/www.cronacaonline.it\/index.php\/wp-json\/wp\/v2\/posts"}],"about":[{"href":"https:\/\/www.cronacaonline.it\/index.php\/wp-json\/wp\/v2\/types\/post"}],"author":[{"embeddable":true,"href":"https:\/\/www.cronacaonline.it\/index.php\/wp-json\/wp\/v2\/users\/2"}],"replies":[{"embeddable":true,"href":"https:\/\/www.cronacaonline.it\/index.php\/wp-json\/wp\/v2\/comments?post=182741"}],"version-history":[{"count":0,"href":"https:\/\/www.cronacaonline.it\/index.php\/wp-json\/wp\/v2\/posts\/182741\/revisions"}],"wp:featuredmedia":[{"embeddable":true,"href":"https:\/\/www.cronacaonline.it\/index.php\/wp-json\/wp\/v2\/media\/180031"}],"wp:attachment":[{"href":"https:\/\/www.cronacaonline.it\/index.php\/wp-json\/wp\/v2\/media?parent=182741"}],"wp:term":[{"taxonomy":"category","embeddable":true,"href":"https:\/\/www.cronacaonline.it\/index.php\/wp-json\/wp\/v2\/categories?post=182741"},{"taxonomy":"post_tag","embeddable":true,"href":"https:\/\/www.cronacaonline.it\/index.php\/wp-json\/wp\/v2\/tags?post=182741"}],"curies":[{"name":"wp","href":"https:\/\/api.w.org\/{rel}","templated":true}]}}