{"id":182712,"date":"2019-12-17T19:32:51","date_gmt":"2019-12-17T18:32:51","guid":{"rendered":"http:\/\/www.cronacaonline.it\/public\/content\/?p=182712"},"modified":"2019-12-17T19:32:51","modified_gmt":"2019-12-17T18:32:51","slug":"cento-docenti-di-lingua-sarda-hanno-perso-il-lavoro-per-lincuria-della-giunta-sardegna-lo-denuncia-la-capogruppo-del-m5s-desire-manca","status":"publish","type":"post","link":"https:\/\/www.cronacaonline.it\/index.php\/2019\/12\/17\/cento-docenti-di-lingua-sarda-hanno-perso-il-lavoro-per-lincuria-della-giunta-sardegna-lo-denuncia-la-capogruppo-del-m5s-desire-manca\/","title":{"rendered":"Cento docenti di lingua sarda hanno perso il lavoro per l\u2019incuria della Giunta Sardegna: lo denuncia la capogruppo del M5S Desir\u00e8\u00a0Manca"},"content":{"rendered":"<p>Cagliari, 17 Dic 2019 - \u201cCento docenti di lingua sarda che lavoravano in orario curricolare sono rimasti senza lavoro. Cento professionalit\u00e0 rimaste a casa. Parliamo di cento partite Iva che non solo sono rimaste senza un impiego ma che rischiano sia la chiusura delle partite Iva sia la perdita di professionalit\u00e0, dato che requisito fondamentale dell'insegnamento di qualsiasi lingua - e qua parliamo di quella sarda - necessita di continuit\u00e0\u201d.<\/p>\n<p>\u201cUna vicenda incresciosa e gravissima, una vergogna inaudita dovuta all\u2019inerzia, all\u2019inoperosit\u00e0, e all\u2019incuria di questa Giunta \u00e8 venuta alla luce\u00a0oggi\u00a0in Commissione Lavoro: la Giunta nei mesi precedenti l\u2019inizio dell\u2019anno scolastico non ha presentato un piano linguistico regionale n\u00e9 provveduto ad emanare i necessari decreti attuativi. Una mancanza enorme che ha fatto perdere il lavoro a cento insegnanti di lingua sarda. La lingua sarda tanto sbandierata dal Presidente Solinas in campagna elettorale \u00e8 caduta nel dimenticatoio in modo ignobile\u201d.<\/p>\n<p>Cos\u00ec la capogruppo del M5S Desir\u00e8 Manca denuncia quanto accaduto\u00a0oggi\u00a0durante i lavori della Commissione Lavoro di cui \u00e8 vice presidente; Commissione\u00a0oggi\u00a0riunitasi su richiesta dell\u2019operatore linguistico della Lingua sarda Antonio Flore proprio per discutere i problemi della categoria da anni impegnata in un faticoso percorso di sensibilizzazione sul valore della Lingua sarda come fattore primario di edificazione della consapevolezza comunitaria.<\/p>\n<p>Ma la denuncia in una nota Desir\u00e8 Manca va ancora pi\u00f9 a fondo: \u201cSono intervenuta facendo presente che questa situazione assurda \u00e8 avvenuta per la mancanza della presentazione di un piano linguistico regionale, e a questo punto un componente della Commissione non solo ha tentato di interrompere il mio intervento ma di fatto di mettermi un vero e proprio bavaglio dichiarando che in Commissione non potevo esprimere le mie opinioni e considerazioni\u201d.<\/p>\n<p>L\u2019epilogo \u00e8 sconcertante: \u201cDopo tutto ci\u00f2, tutti i componenti della maggioranza hanno fatto mancare il numero legale abbandonando la Commissione e costringendo di fatto le persone chiamate in audizione ad andare via\u201d.<\/p>\n<p>\u201cQuello che si \u00e8 verificato\u00a0oggi\u00a0\u00e8 un tentativo di bloccare il diritto sacrosanto di tutti i commissari, nonch\u00e9 mio in qualit\u00e0 di vicepresidente, di poter esercitare il mio ruolo di amministratore della Sardegna. Un atto che mina pesantemente non solo la democrazia ma il diritto di tutti i sardi di poter esprimere un proprio pensiero di qualsiasi natura esso sia\u201d.<\/p>\n<p>\u201cQuesta \u00e8 la democrazia del partito di cui fa parte il governatore della Sardegna. Il partito sardo d'azione che impedisce ai componenti della Commissione di esprimersi. Avete tentato di mettermi il bavaglio ma non ci riuscirete n\u00e9\u00a0oggi\u00a0n\u00e9 mai. Vergogna\u201d. Com<\/p>\n","protected":false},"excerpt":{"rendered":"<p>Cagliari, 17 Dic 2019 &#8211; \u201cCento docenti di lingua sarda che lavoravano in orario curricolare sono rimasti senza lavoro. Cento professionalit\u00e0 rimaste a casa. Parliamo&#8230;<\/p>\n","protected":false},"author":2,"featured_media":177012,"comment_status":"closed","ping_status":"closed","sticky":false,"template":"","format":"standard","meta":[],"categories":[49,51,52],"tags":[],"_links":{"self":[{"href":"https:\/\/www.cronacaonline.it\/index.php\/wp-json\/wp\/v2\/posts\/182712"}],"collection":[{"href":"https:\/\/www.cronacaonline.it\/index.php\/wp-json\/wp\/v2\/posts"}],"about":[{"href":"https:\/\/www.cronacaonline.it\/index.php\/wp-json\/wp\/v2\/types\/post"}],"author":[{"embeddable":true,"href":"https:\/\/www.cronacaonline.it\/index.php\/wp-json\/wp\/v2\/users\/2"}],"replies":[{"embeddable":true,"href":"https:\/\/www.cronacaonline.it\/index.php\/wp-json\/wp\/v2\/comments?post=182712"}],"version-history":[{"count":0,"href":"https:\/\/www.cronacaonline.it\/index.php\/wp-json\/wp\/v2\/posts\/182712\/revisions"}],"wp:featuredmedia":[{"embeddable":true,"href":"https:\/\/www.cronacaonline.it\/index.php\/wp-json\/wp\/v2\/media\/177012"}],"wp:attachment":[{"href":"https:\/\/www.cronacaonline.it\/index.php\/wp-json\/wp\/v2\/media?parent=182712"}],"wp:term":[{"taxonomy":"category","embeddable":true,"href":"https:\/\/www.cronacaonline.it\/index.php\/wp-json\/wp\/v2\/categories?post=182712"},{"taxonomy":"post_tag","embeddable":true,"href":"https:\/\/www.cronacaonline.it\/index.php\/wp-json\/wp\/v2\/tags?post=182712"}],"curies":[{"name":"wp","href":"https:\/\/api.w.org\/{rel}","templated":true}]}}