{"id":182710,"date":"2019-12-17T19:04:15","date_gmt":"2019-12-17T18:04:15","guid":{"rendered":"http:\/\/www.cronacaonline.it\/public\/content\/?p=182710"},"modified":"2019-12-17T19:04:15","modified_gmt":"2019-12-17T18:04:15","slug":"consiglio-sardegna-commissione-urbanistica-audizione-dellassessore-quirico-sanna-sulla-nuova-disciplina-dei-litorali-pl-n-83","status":"publish","type":"post","link":"https:\/\/www.cronacaonline.it\/index.php\/2019\/12\/17\/consiglio-sardegna-commissione-urbanistica-audizione-dellassessore-quirico-sanna-sulla-nuova-disciplina-dei-litorali-pl-n-83\/","title":{"rendered":"Consiglio Sardegna &#8211; Commissione Urbanistica: audizione dell\u2019assessore Quirico Sanna sulla nuova disciplina dei litorali (Pl n.83)"},"content":{"rendered":"<p>Cagliari, 17 Dic 2019 \u2013 La commissione Urbanistica, presieduta da Giuseppe Talanas (Forza Italia) ha proseguito alla presenza dell\u2019assessore Quirico Sanna l\u2019esame della Pl n.83 (Giagoni e pi\u00f9) per la parte urbanistica che prevede una nuova disciplina dei litorali.<\/p>\n<p>La maggioranza \u2013 si legge in una nota dell\u2019ufficio stampa del Consiglio Regione Sardegna - ha annunciato la presentazione di un emendamento sostitutivo totale dell\u2019art. 4 (Modifiche alla legge 45\/89-Piano di utilizzo dei litorali) che, come ha sintetizzato il primo firmatario Dario Giagoni, prevede fra l\u2019altro la possibilit\u00e0 di intervenire sui litorali anche in assenza di Puc (Piano urbanistico comunale) attraverso una variante al Piano regolatore vigente.<\/p>\n<p>Si tratta \u2013 aggiunge - di un buon punto di equilibrio, ha commentato l\u2019assessore Sanna, che consente una pianificazione ampia della fascia costiera ed un miglioramento complessivo dei servizi in tutto l\u2019arco dell\u2019anno. Per quanto la Giunta, ha concluso, c\u2019\u00e8 l\u2019impegno ad intervenire subito dopo l\u2019approvazione della legge con un circolare interpretativa rivolta ai Comuni in modo da supportare e semplificare il lavoro delle amministrazioni locali.<\/p>\n<p>L\u2019emendamento sar\u00e0 formalizzato e discusso insieme agli altri che potranno essere presentati entro le 13.00 di gioved\u00ec 19 dicembre, quando si riunir\u00e0 nuovamente la commissione.<\/p>\n<p>Nel frattempo \u00e8 stato deciso di proseguire la discussione generale sugli altri articoli del testo.<\/p>\n<p>Nel dibattito \u2013 conclude il comunicato del Consiglio Sardegna - hanno preso la parola i consiglieri Massimo Zedda e Maria Laura Orr\u00f9 (Progressisti), Michele Cossa (Riformatori), Franco Mula (Psd\u2019Az), Valter Piscedda (Pd), Michele Ennas (Lega) e Francesco Mura (Fdi). Com<\/p>\n","protected":false},"excerpt":{"rendered":"<p>Cagliari, 17 Dic 2019 \u2013 La commissione Urbanistica, presieduta da Giuseppe Talanas (Forza Italia) ha proseguito alla presenza dell\u2019assessore Quirico Sanna l\u2019esame della Pl n.83&#8230;<\/p>\n","protected":false},"author":2,"featured_media":28988,"comment_status":"closed","ping_status":"closed","sticky":false,"template":"","format":"standard","meta":[],"categories":[49,51,52],"tags":[],"_links":{"self":[{"href":"https:\/\/www.cronacaonline.it\/index.php\/wp-json\/wp\/v2\/posts\/182710"}],"collection":[{"href":"https:\/\/www.cronacaonline.it\/index.php\/wp-json\/wp\/v2\/posts"}],"about":[{"href":"https:\/\/www.cronacaonline.it\/index.php\/wp-json\/wp\/v2\/types\/post"}],"author":[{"embeddable":true,"href":"https:\/\/www.cronacaonline.it\/index.php\/wp-json\/wp\/v2\/users\/2"}],"replies":[{"embeddable":true,"href":"https:\/\/www.cronacaonline.it\/index.php\/wp-json\/wp\/v2\/comments?post=182710"}],"version-history":[{"count":0,"href":"https:\/\/www.cronacaonline.it\/index.php\/wp-json\/wp\/v2\/posts\/182710\/revisions"}],"wp:featuredmedia":[{"embeddable":true,"href":"https:\/\/www.cronacaonline.it\/index.php\/wp-json\/"}],"wp:attachment":[{"href":"https:\/\/www.cronacaonline.it\/index.php\/wp-json\/wp\/v2\/media?parent=182710"}],"wp:term":[{"taxonomy":"category","embeddable":true,"href":"https:\/\/www.cronacaonline.it\/index.php\/wp-json\/wp\/v2\/categories?post=182710"},{"taxonomy":"post_tag","embeddable":true,"href":"https:\/\/www.cronacaonline.it\/index.php\/wp-json\/wp\/v2\/tags?post=182710"}],"curies":[{"name":"wp","href":"https:\/\/api.w.org\/{rel}","templated":true}]}}