{"id":181025,"date":"2019-11-06T19:26:38","date_gmt":"2019-11-06T18:26:38","guid":{"rendered":"http:\/\/www.cronacaonline.it\/public\/content\/?p=181025"},"modified":"2019-11-06T19:26:38","modified_gmt":"2019-11-06T18:26:38","slug":"consiglio-sardegna-commissione-paritetica-stato-regione-sullarticolo-56-dello-statuto-speciale-della-sardegna-rinnovati-i-componenti-di-espressione-regionale-2","status":"publish","type":"post","link":"https:\/\/www.cronacaonline.it\/index.php\/2019\/11\/06\/consiglio-sardegna-commissione-paritetica-stato-regione-sullarticolo-56-dello-statuto-speciale-della-sardegna-rinnovati-i-componenti-di-espressione-regionale-2\/","title":{"rendered":"Consiglio Sardegna &#8211; Commissione paritetica Stato-Regione sull\u2019articolo 56 dello Statuto speciale della Sardegna. Rinnovati i componenti di espressione regionale (2)."},"content":{"rendered":"<p>Cagliari, 6 Nov 2019 - Il presidente Pais ha dato la parola al presidente della Regione, Christian Solinas, per le dichiarazioni ai sensi dell\u2019articolo 121, il quale ha ringraziato l\u2019Aula di avergli \u201cimmediatamente permesso di riferire riguardo a un importante passaggio della vita democratica di quest\u2019Isola e del Paese nel suo complesso\u201d. \u201cNon sono qui per celebrare risultati \u2013 ha affermato \u2013 o per attribuire meriti, ma per affrontare con tutto il Consiglio regionale il risultato di un confronto serrato, ma leale, con lo Stato che ci ha portato a tracciare il perimetro di una soluzione possibile per l\u2019annosa vertenza che riguarda gli accantonamenti e le entrate della Regione.<\/p>\n<p>La Sardegna \u00e8 rimasta l\u2019unica Regione con autonomia speciale a non aver siglato un\u2019intesa per definire il contributo per il risanamento della finanza pubblica e rivendica una riduzione, che abbiamo portato avanti con forza, di questo contributo che la metta al pari delle altre regioni\u201d.<\/p>\n<p>Solinas ha spiegato che \u00e8 stata presa ad esempio la regione Sicilia, che contribuisce al risanamento della finanza pubblica con l\u20191,14 per cento del Pil, contro il 1,6 della regione Sardegna. \u201cQuesto significa \u2013 ha spiegato - che applicando lo stesso parametro dell\u20191,14, il contributo che noi abbiamo sostenuto di dover riconoscere \u00e8 pari a 383 milioni contro 536 che lo Stato aveva imposto unilateralmente, con un risparmio di 153 milioni che rimangono nella disponibilit\u00e0 del Consiglio per alimentare le politiche di settore\u201d. Per Solinas si tratta di un primo importante risultato. Per il pregresso, in seguito ai pronunciamenti della Corte costituzionale relativi al 2018 e 2019, che imponevano allo Stato di raggiungere un accordo sulla quantificazione, l\u2019accordo raggiunto prevede \u201c412 milioni a saldo e stralcio del pregresso, che vengono riconosciuti con una pluriennalizzazione dal 2020-2025 che segue la pluriennalizzazione del debito di 244 milioni della Sardegna che saranno ripianati in tre anni\u201d, in base ai trasferimenti che lo Stato in seguito all\u2019accordo che verr\u00e0 firmato. Solinas ha poi aggiunto che la Regione ha chiesto il riconoscimento, in seguito alla sottoscrizione dell\u2019accordo, dei 76 milioni, che derivavano dai fondi Cipe, gi\u00e0 stati usati nelle scorsa legislatura, per ripianare il disavanzo sanitario.<\/p>\n<p>\u201cLa parte a mio avviso pi\u00f9 importante di questo possibile accordo \u2013 ha continuato il presidente - \u00e8 l\u2019intesa su un grande piano infrastrutturale che inizi a colmare il gap delle infrastrutture che l\u2019Isola soffre in termini di scuole, strade, opere per lo studio universitario e del settore sanitario\u201d. Solinas ha spiegato che tutta questa partita ha portato all\u2019individuazione \u201cdi risorse aggiuntive pari a 1 miliardo e 425 milioni e 800mila euro pi\u00f9 111 milioni\u201d con vincolo di destinazione da destinare all\u2019edilizia sanitaria. Quindi un plafond di circa 1,6 miliardi che potr\u00e0 alimentare un piano di infrastrutturazione\u00a0\u201cche mi auguro si possa condividere in maniera ampia\u201d perch\u00e9 verr\u00e0 sviluppato nei prossimi 10 anni. Per quanto riguarda i trasferimenti per le Province si \u00e8 ottenuta una riduzione di ulteriori 10 milioni alla contribuzione alla finanza pubblica che si sommano ai 50 milioni gi\u00e0 ottenuti.<\/p>\n<p>Ricordando al Consiglio che\u00a0 S\u00a0andr\u00e0 a una riunione con il Ministero delle Economia e delle Finanze, con il Ministero per il Sud e con La Ragioneria dello Stato, Solinas ha chiesto che, al di l\u00e0 degli schieramenti, si arrivi a un ordine del giorno unitario che dia forza nella trattativa alla Regione \u201ce ci consenta di chiudere questa annosa vicenda e iniziare a lavorare da subito per pensare al migliore utilizzo di queste risorse che rappresentano una grande opportunit\u00e0 di crescita e di sviluppo per tutta la Sardegna\u201d.<\/p>\n<p>Dopo il presidente Solinas ha preso la parola l\u2019on. Moriconi (Pd), che ha parlato di \u201cuna discussione attesa da mesi. Era previsto che entro il 15 luglio avremmo concluso gli accordi con lo Stato per evitare di pagare oltre ingiustamente.\u00a0 Le cifre di cui ci riferisce il presidente Solinas meritano approfondimento e considerazione, si tratta di un\u2019ipotesi di accordo importante. Sarebbe pi\u00f9 responsabile approcciarsi con una astensione davanti a un documento di questo tipo: di buono c\u2019\u00e8 che ne parliamo e di male c\u2019\u00e8 che questa discussione \u00e8 molto stretta. Dunque, annuncio l\u2019astensione del gruppo del Pd\u201d.<\/p>\n<p>Per Cocciu (Forza Italia) \u201cabbiamo di fronte una vertenza importante e storica e\u00a0oggi\u00a0sarebbe importante avere un voto favorevole di tutti, non solo quello della maggioranza Sbagliato dividerci: ripensateci e firmiamo tutti\u201d.<\/p>\n<p>\u201cFinalmente si parla di entrate e della vertenza\u201d, ha detto l\u2019on. Daniele Cocco (Leu), \u201cdopo che la Corte costituzionale ha\u00a0sancito i nostri diritti. La nostra astensione sull\u2019ordine del giorno \u00e8 un fatto positivo, mi fido del presidente anche se non ho visto conti e tabelle. Il nostro dovere sar\u00e0 tenere alta la tensione su questa vertenza perch\u00e9 tante sono le aspettative\u201d.<\/p>\n<p>Per Fdi ha preso la parola l\u2019on. Fausto Piga, che ha ricordato alcuni passaggi della vertenza entrate vissuti anche da sindaco. \u201cMassimo sostegno al presidente Solinas. Questa \u00e8 una riparazione dei danni alla Sardegna dai governi centrali che si sono succeduti. La Regione Sardegna deve essere trattata al pari delle altre e vorrei che dopo le entrate ci fosse una vertenza Sardegna, indipendente dal colore politico di ciascuno di noi. Vogliamo competere ad armi pari con tutti e non subire disagi dell\u2019insularit\u00e0\u201d.\u00f9<\/p>\n<p>Massimo Zedda (Progressisti) ha detto che \u201csistematicamente lo Stato ha una tendenza a non pagare e gi\u00e0 dai tempi del sottosegretario Giorgio Macciotta\u00a0ci siamo accorti di questo. Oltre alle entrate \u00e8 utile anche regionalizzare la finanza locale, per avere ulteriori risorse. E suggerisco di aggiungere che queste risorse sono aggiuntive rispetto a quelle dell\u2019obiettivo uno, per evitare che con i giochi di tre carte alla fine le risorse aggiuntive siano risorse gi\u00e0 destinate alla Sardegna. Ecco, chiedo che sia chiara la provenienza delle risorse oggetto di questo accordo, prendiamoci il tempo necessario per valutare\u201d.<\/p>\n<p>Solinas (Cinque stelle) ha annunciato il voto di astensione del suo gruppo e ha ricordato \u201cil lavoro svolto dai rappresentanti Cinque stelle in Parlamento per arrivare al risultato di questo traguardo storico. Presto potremo dire di aver messo la parola fine alla vertenza entrate\u201d.<\/p>\n<p>Per il gruppo Ucd Sechi ha annunciato il voto favorevole: \u201cNon ci abbattono le sconfitte e non ci esaltano le vittorie ma \u00e8 giusto mostrare soddisfazione\u201d. Della stessa opinione anche Cossa (Riformatori), che ha ricordato come gi\u00e0 nel 2010 lo Stato inizi\u00f2 ad applicare la politica degli accantonamenti contro le Regioni. \u201cCi ha pensato la Corte costituzionale, con le sentenze 6 e 31 del 2019, a spiegare che le norme di attuazione degli statuti speciali prevalgono sulla legislazione statale ordinaria. Non esistono governi amici o nemici ma controparti, perch\u00e9 portatrici di interessi diversi. E\u2019 importante il risultato che ci ha portato\u00a0oggi\u00a0il presidente Solinas ma sulla partita delle accise dobbiamo ragionare sin dalla prossima nostra legge finanziaria. Dobbiamo liberarci di ogni complesso di inferiorit\u00e0\u201d. Segue<\/p>\n","protected":false},"excerpt":{"rendered":"<p>Cagliari, 6 Nov 2019 &#8211; Il presidente Pais ha dato la parola al presidente della Regione, Christian Solinas, per le dichiarazioni ai sensi dell\u2019articolo 121,&#8230;<\/p>\n","protected":false},"author":2,"featured_media":79673,"comment_status":"closed","ping_status":"closed","sticky":false,"template":"","format":"standard","meta":[],"categories":[49,55,52],"tags":[],"_links":{"self":[{"href":"https:\/\/www.cronacaonline.it\/index.php\/wp-json\/wp\/v2\/posts\/181025"}],"collection":[{"href":"https:\/\/www.cronacaonline.it\/index.php\/wp-json\/wp\/v2\/posts"}],"about":[{"href":"https:\/\/www.cronacaonline.it\/index.php\/wp-json\/wp\/v2\/types\/post"}],"author":[{"embeddable":true,"href":"https:\/\/www.cronacaonline.it\/index.php\/wp-json\/wp\/v2\/users\/2"}],"replies":[{"embeddable":true,"href":"https:\/\/www.cronacaonline.it\/index.php\/wp-json\/wp\/v2\/comments?post=181025"}],"version-history":[{"count":0,"href":"https:\/\/www.cronacaonline.it\/index.php\/wp-json\/wp\/v2\/posts\/181025\/revisions"}],"wp:featuredmedia":[{"embeddable":true,"href":"https:\/\/www.cronacaonline.it\/index.php\/wp-json\/"}],"wp:attachment":[{"href":"https:\/\/www.cronacaonline.it\/index.php\/wp-json\/wp\/v2\/media?parent=181025"}],"wp:term":[{"taxonomy":"category","embeddable":true,"href":"https:\/\/www.cronacaonline.it\/index.php\/wp-json\/wp\/v2\/categories?post=181025"},{"taxonomy":"post_tag","embeddable":true,"href":"https:\/\/www.cronacaonline.it\/index.php\/wp-json\/wp\/v2\/tags?post=181025"}],"curies":[{"name":"wp","href":"https:\/\/api.w.org\/{rel}","templated":true}]}}