{"id":180282,"date":"2019-10-18T08:13:43","date_gmt":"2019-10-18T06:13:43","guid":{"rendered":"http:\/\/www.cronacaonline.it\/public\/content\/?p=180282"},"modified":"2019-10-18T08:13:43","modified_gmt":"2019-10-18T06:13:43","slug":"scattano-oggi-i-dazi-usa-sui-prodotti-europei-colpite-italia-francia-e-germania","status":"publish","type":"post","link":"https:\/\/www.cronacaonline.it\/index.php\/2019\/10\/18\/scattano-oggi-i-dazi-usa-sui-prodotti-europei-colpite-italia-francia-e-germania\/","title":{"rendered":"Scattano oggi i dazi Usa sui prodotti europei: colpite Italia, Francia e Germania"},"content":{"rendered":"<p>Roma, 18 Ott 2019 - L'amministrazione del presidente Usa, Donald Trump, ha imposto dalla mezzanotte ora locale dazi per un valore di 7,5 miliardi di dollari ai beni dei Paesi dell'Unione Europea, prelievi che interesseranno principalmente Germania, Francia, Spagna e anche Regno Unito. I dazi sono entrati in vigore un minuto dopo la mezzanotte ora locale, alle 06.01 ora italiana. La misura \u00e8 stata decisa dell'amministrazione come risarcimento per i fondi pubblici ad Airbus.<\/p>\n<p>Per quello che riguarda l'Italia, il consigliere economico di Trump, Larry Kudlow, ha detto che \"non pu\u00f2 essere l'ultima parola\". \"Trump ha detto che esaminer\u00e0\" le istanze dell'Italia, che vorrebbe scongiurare le tariffe anche perch\u00e9 Roma non \u00e8 direttamente coinvolta negli aiuti di Stato al consorzio Airbus, ma \"non \u00e8 entrato nei dettagli.\u00a0 Kudlow era presente all'incontro tra l'inquilino della Casa Bianca e il presidente della Repubblica, Sergio Mattarella. \u00a0 Ci sono i formaggi made in Italy, parmigiano e pecorino, nella 'black list' stilata dall'amministrazione americana sui prodotti soggetti a prelievi di importazioni aggiuntivi del 25% 'ad valorem'. I dazi sono scattati alle 06:00 ora italiana.<\/p>\n<p>La lista Usa si concentra inoltre sui prodotti provenienti dalla Spagna (formaggio fresco, olive e olio d'oliva, tra gli altri), ma anche dalla Francia (vino, formaggio), Germania (caff\u00e8, biscotti, waffle), Regno Unito (whisky, dolci) oltrech\u00e9 da pi\u00f9 di venti Paesi dell'Unione.<\/p>\n<p>Il consigliere economico del presidente Donal Trump, Lawrence Kudlow, durante un convegno organizzato gioved\u00ec dal Consiglio per le relazioni tra Italia e Usa, ha detto che per l'Italia \"non pu\u00f2 essere l'ultima parola\".\u00a0 \"Amo il parmigiano, peccato che dobbiamo imporre tariffe\" commerciali, ha aggiunto Kudlow, che era presente all'incontro mercoled\u00ec a Washington tra il presidente, Sergio Mattarella, e il capo della Casa Bianca.<\/p>\n","protected":false},"excerpt":{"rendered":"<p>Roma, 18 Ott 2019 &#8211; L&#8217;amministrazione del presidente Usa, Donald Trump, ha imposto dalla mezzanotte ora locale dazi per un valore di 7,5 miliardi di&#8230;<\/p>\n","protected":false},"author":2,"featured_media":180283,"comment_status":"closed","ping_status":"closed","sticky":false,"template":"","format":"standard","meta":[],"categories":[49,50],"tags":[],"_links":{"self":[{"href":"https:\/\/www.cronacaonline.it\/index.php\/wp-json\/wp\/v2\/posts\/180282"}],"collection":[{"href":"https:\/\/www.cronacaonline.it\/index.php\/wp-json\/wp\/v2\/posts"}],"about":[{"href":"https:\/\/www.cronacaonline.it\/index.php\/wp-json\/wp\/v2\/types\/post"}],"author":[{"embeddable":true,"href":"https:\/\/www.cronacaonline.it\/index.php\/wp-json\/wp\/v2\/users\/2"}],"replies":[{"embeddable":true,"href":"https:\/\/www.cronacaonline.it\/index.php\/wp-json\/wp\/v2\/comments?post=180282"}],"version-history":[{"count":0,"href":"https:\/\/www.cronacaonline.it\/index.php\/wp-json\/wp\/v2\/posts\/180282\/revisions"}],"wp:featuredmedia":[{"embeddable":true,"href":"https:\/\/www.cronacaonline.it\/index.php\/wp-json\/wp\/v2\/media\/180283"}],"wp:attachment":[{"href":"https:\/\/www.cronacaonline.it\/index.php\/wp-json\/wp\/v2\/media?parent=180282"}],"wp:term":[{"taxonomy":"category","embeddable":true,"href":"https:\/\/www.cronacaonline.it\/index.php\/wp-json\/wp\/v2\/categories?post=180282"},{"taxonomy":"post_tag","embeddable":true,"href":"https:\/\/www.cronacaonline.it\/index.php\/wp-json\/wp\/v2\/tags?post=180282"}],"curies":[{"name":"wp","href":"https:\/\/api.w.org\/{rel}","templated":true}]}}