{"id":180230,"date":"2019-10-17T12:05:04","date_gmt":"2019-10-17T10:05:04","guid":{"rendered":"http:\/\/www.cronacaonline.it\/public\/content\/?p=180230"},"modified":"2019-10-17T12:05:04","modified_gmt":"2019-10-17T10:05:04","slug":"siria-media-locali-erdogan-ha-buttato-nella-spazzatura-la-lettera-di-trump","status":"publish","type":"post","link":"https:\/\/www.cronacaonline.it\/index.php\/2019\/10\/17\/siria-media-locali-erdogan-ha-buttato-nella-spazzatura-la-lettera-di-trump\/","title":{"rendered":"Siria, media locali: &#8220;Erdogan ha buttato nella spazzatura la lettera di Trump&#8221;."},"content":{"rendered":"<p>Ankdara, 17 Ott 2019 - La lettera del 9 ottobre scorso con cui Donald Trump chiese a Recep Tayyip Erdogan di evitare un attacco ai curdi in Siria poco prima che venisse lanciata l'offensiva sarebbe stata \"gettata nella spazzatura\" dal presidente turco. Lo riferiscono fonti governative di Ankara, citate da media locali.<\/p>\n<p>Secondo la ricostruzione, la Presidenza turca ha ritenuto la missiva \"priva di cortesia diplomatica\" e ha dato la sua \"migliore risposta lanciando lo stesso giorno l'operazione\" militare oltre confine. La diffusione della lettera sembra destinata a complicare ulteriormente i colloqui previsti questo pomeriggio ad Ankaratra Erdogan e la delegazione Usa, guidata dal vicepresidente Mike Pence e dal segretario di Stato Mike Pompeo e inviata da Trump per chiedere la fine delle ostilit\u00e0 in Siria.<\/p>\n<p>Non fare il duro\" o \"non fare lo scemo\", \"lavoriamo a un buon accordo. Tu non vuoi essere responsabile del massacro di migliaia di persone, e io non voglio essere il responsabile della distruzione dell'economia turca\". Lo ha scritto Donald Trump al presidente Recep Tayyip Erdogan in una lettera datata 9 ottobre, appena prima dell'offensiva militare turca in Siria. Intanto il segretario al Tesoro americano, Steven Mnuchin, avverte la Turchia: se non cesser\u00e0 il fuoco in Siria, arriveranno ulteriori sanzioni americane.<\/p>\n<p>Alle 14:30 di oggi (le13:30 in Italia) l'atteso incontro ad Ankara tra il presidente turco Recep Tayyip Erdogan e la delegazione Usa di alto livello, guidata dal vicepresidente Mike Pence e dal segretario di Stato Mike Pompeo, inviata d'urgenza da Donald Trump per chiedere un cessate il fuoco nel nord della Siria.<\/p>\n<p>I colloqui sono stati preceduti ieri da una polemica quando Erdogan aveva dichiarato che avrebbe discusso solo con Trump, salvo poi fare marcia indietro.\u00a0La delegazione americana, di cui fanno parte anche il consigliere per la Sicurezza nazionale Robert O'Brien e l'inviato speciale di Trump per la Siria e la Coalizione anti-Isis James Jeffrey, ha gi\u00e0 avuto i primi colloqui preparatori con alti funzionari di Ankara, tra cui il portavoce e consigliere di Erdogan, Ibrahim Kalin, e il ministro della Difesa Hulusi Akar.<\/p>\n<p>Dopo l'incontro con la delegazione Usa sar\u00e0 la volta della Russia. Erdogan, e Vladimir Putin, si incontreranno a Sochi il prossimo 22 ottobre. Era stato il capo del Cremlino a invitare il\u00a0presidente turco in Russia per discutere dell'offensiva militare di Ankara in Siria.<\/p>\n<p>Per Erdogan per\u00f2 l'unica opzione per i militanti curdi in Siria \u00e8 di deporre le armi e ritirarsi.\u00a0\u00a0\"La nostra posizione \u00e8 la seguente: subito, stasera, che tutti i terroristi depongano le armi e gli equipaggiamenti, distruggano tutte le loro fortificazioni e si ritirino dalla zona di sicurezza che abbiamo fissato\", ha dichiarato Erdogan in un discorso davanti ai deputati del suo partito Akp, aggiungendo che questo sarebbe \"il modo pi\u00f9 veloce di risolvere il problema in Siria. Nella sua storia - ha proseguito - la Turchia non ha mai compiuto massacri di civili e non lo fa neppure ora\" nella sua offensiva militare contro le milizie curde nel nord della Siria, ha detto il presidente turco in un discorso al gruppo parlamentare del suo Akp ad Ankara.<\/p>\n<p>Alla fine dell'ottavo giorno dell'intervento militare dell'esercito turco, il ministero della Difesa turco ha diramato un comunicato con cui rende noto che 653 miliziani curdi Ypg sono stati \"neutralizzati\", dalle forze turche.<\/p>\n<p>L'accordo con il governo di Damasco \u00e8 stato \"necessario\" ed \u00e8 solo \"militare\". Lo ha sottolineato il comandante Mazloum Kobani delle Forze democratiche siriane (Sdf), l'alleanza dominata dalle milizie curde di Ypg (Unita di Difesa del Popolo) considerate delle forze terroristiche dalla Turchia. L'accordo raggiunto domenica scorsa dalle forze curde con Damasco, a seguito dell'offensiva militare lanciata da Ankara dopo il ritiro dei militari Usa, prevede il dispiegamento delle forze armate siriane in citt\u00e0 importanti come Manbij, e lungo la zona di confine con la Turchia. Parlando all'emittente tv Ronahi, affiliata all'Sdf, Kobani ha fatto sapere che ci saranno altri negoziati con Damasco una volta respinte le forze turche.<\/p>\n<p>\"Sospettiamo che armi non convenzionali vengano usate contro i combattenti\" curdi dalla Turchia \"nella citt\u00e0 assediata di Serekaniye\" (Ras al Ayn inarabo), nel nord-est della Siria. Lo denuncia via Twitter Mustafa Bali, capo della comunicazione delle Forze democratiche siriane (Fds) a guida curda.<\/p>\n<p>E all'accusa dei curdi replica subito Ankara: \"Tutti sanno che l'esercito turco non ha armi chimiche nel suo inventario. Alcune informazioni ci indicano che\" le milizie curde dello \"Ypg usano armi chimiche per poi accusare la Turchia\". Lo ha detto il ministro della Difesa di Ankara, respingendo cos\u00ec le accuse sull'uso di armi non convenzionali nei raid turchi su Ras alAyn.<\/p>\n<p>Le truppe del regime siriano di\u00a0Bashar al-Assad sono entrate nella citt\u00e0 di Kobane, bastione-chiave del Nord della Siria sotto il\u00a0controllo curdo. Lo riferiscono l'Osservatorio siriano per i diritti umani e altri media siriani che pubblicano le immagini di blindati che entrano in citt\u00e0.<\/p>\n<p>Le forze governative siriane hanno occupato le basi militari abbandonate degli Stati Uniti nel nord-est. Lo riporta il canale televisivo Rossiya 24, trasmettendo immagini dalla Siria. \"Questo video parla da solo: pickup militari sotto la bandiera siriana e convogli corazzati statunitensi che si muovono uno di fronte all'altro in direzioni opposte\".<\/p>\n<p>L'Osservatorio siriano per i diritti umani ha dichiarato che 71 civili, tra cui 21 bambini, sono stati uccisi finora nell'offensiva lanciata mercoled\u00ec 9 ottobre. Secondo l'ong con sede a Londra, pi\u00f9 di 300.000 persone sono state costrette a lasciare la propria abitazione dall'inizio del conflitto. Mercoled\u00ec scorso il presidente turco Recep Tayyip Erdogan ha annunciato l'inizio dell'offensiva contro le forze curde che controllano le regioni nordorientali della Siria per creare una \"zona sicura\" in cui ospitare almeno un milione di rifugiati siriani, pochi giorni dopo che gli Stati Uniti avevano annunciato il parziale ritiro delle forze presenti nell'area. La Turchia accusa le Unit\u00e0 di protezione del Popolo (Ypg) e l'alleanza curdo-araba delle Forze Democratiche Siriane (Sdf) di cui fanno parte di essere legate al Partito dei lavoratori curdi (Pkk), considerato un'organizzazione terroristica anche da Stati Uniti e Unione europea. Negli scorsi giorni le Sdf hanno raggiunto un accordo con il governo centrale di Damasco e, che ha portato all'ingresso dell'esercito siriano nei territori curdi per difenderli dalle forze turche.<\/p>\n<p>E della offensiva turca in Siria si parler\u00e0 anche al Consiglio Europeo al via oggi e domani, 17 e 18 ottobre, a Bruxelles: l'ultimo del Presidente Donald Tusk e il primo al quale Conte partecipa in qualit\u00e0 di Premier del nuovo Governo giallorosso. Dopo l'unanime condanna formale dell\u2019azione militare turca, si valuter\u00e0 un intervento pi\u00f9 corale, con possibile imposizione di sanzioni.<\/p>\n<p>\"Non abbiamo pi\u00f9\u00a0occhi per piangere per quanto sta avvenendo\". Lo ha detto il cardinale Gualtiero Bassetti, presidente\u00a0della Conferenza episcopale italiana, a margine di un convegno in corso a Napoli,\u00a0su quanto sta avvenendo in Siria. \"In questo momento invece di raggiungere scopi di pace - ha proseguito Bassetti - finiscono per concentrarsi armi, guerre e lotte\" \"Non abbiamo pi\u00f9 occhi per piangere - ha concluso - nel vedere genitori con bambini in braccio che scappano.\u00a0 Perch\u00e9 deve succedere?\".<\/p>\n<p>\u00c8 stato annullato il forum economico Italia-Turchia che era previsto il 23 ottobre a Istanbul. \u00c8 quanto si apprende da fonti a conoscenza del dossier, secondo cui l'Eastwest forum al quale avrebbero dovuto partecipare i vertici delle Confindustrie dei due Paesi \u00e8 stato annullato proprio in relazione all'offensiva turca nel nord della Siria.<\/p>\n","protected":false},"excerpt":{"rendered":"<p>Ankdara, 17 Ott 2019 &#8211; La lettera del 9 ottobre scorso con cui Donald Trump chiese a Recep Tayyip Erdogan di evitare un attacco ai&#8230;<\/p>\n","protected":false},"author":2,"featured_media":180231,"comment_status":"closed","ping_status":"closed","sticky":false,"template":"","format":"standard","meta":[],"categories":[49,50],"tags":[],"_links":{"self":[{"href":"https:\/\/www.cronacaonline.it\/index.php\/wp-json\/wp\/v2\/posts\/180230"}],"collection":[{"href":"https:\/\/www.cronacaonline.it\/index.php\/wp-json\/wp\/v2\/posts"}],"about":[{"href":"https:\/\/www.cronacaonline.it\/index.php\/wp-json\/wp\/v2\/types\/post"}],"author":[{"embeddable":true,"href":"https:\/\/www.cronacaonline.it\/index.php\/wp-json\/wp\/v2\/users\/2"}],"replies":[{"embeddable":true,"href":"https:\/\/www.cronacaonline.it\/index.php\/wp-json\/wp\/v2\/comments?post=180230"}],"version-history":[{"count":0,"href":"https:\/\/www.cronacaonline.it\/index.php\/wp-json\/wp\/v2\/posts\/180230\/revisions"}],"wp:featuredmedia":[{"embeddable":true,"href":"https:\/\/www.cronacaonline.it\/index.php\/wp-json\/wp\/v2\/media\/180231"}],"wp:attachment":[{"href":"https:\/\/www.cronacaonline.it\/index.php\/wp-json\/wp\/v2\/media?parent=180230"}],"wp:term":[{"taxonomy":"category","embeddable":true,"href":"https:\/\/www.cronacaonline.it\/index.php\/wp-json\/wp\/v2\/categories?post=180230"},{"taxonomy":"post_tag","embeddable":true,"href":"https:\/\/www.cronacaonline.it\/index.php\/wp-json\/wp\/v2\/tags?post=180230"}],"curies":[{"name":"wp","href":"https:\/\/api.w.org\/{rel}","templated":true}]}}