{"id":180069,"date":"2019-10-12T16:29:51","date_gmt":"2019-10-12T14:29:51","guid":{"rendered":"http:\/\/www.cronacaonline.it\/public\/content\/?p=180069"},"modified":"2019-10-12T16:29:51","modified_gmt":"2019-10-12T14:29:51","slug":"forestas-assessori-satta-e-lampis-dal-prossimo-anno-contratto-a-tempo-pieno-per-i-precari","status":"publish","type":"post","link":"https:\/\/www.cronacaonline.it\/index.php\/2019\/10\/12\/forestas-assessori-satta-e-lampis-dal-prossimo-anno-contratto-a-tempo-pieno-per-i-precari\/","title":{"rendered":"Forestas, assessori Satta e Lampis: \u2018dal prossimo anno contratto a tempo pieno per i precari\u2019"},"content":{"rendered":"<p>Cagliari, 12 Ott 2019\u00a0\u2013 Dal prossimo anno, i 1.160 lavoratori precari di Forestas avranno il contratto a tempo indeterminato \u2018full time\u2019. Lo hanno annunciato gli assessori regionali del Personale e della Difesa dell\u2019Ambiente, Valeria Satta e Gianni Lampis, spiegando che l\u2019Agenzia regionale dispone della capacit\u00e0 assunzionale per procedere coi contratti.<\/p>\n<p>\u201cCon\u00a0la collaborazione e l\u2019intenso lavoro di verifica, svolto in questa ultima settimana da parte dell\u2019amministrazione di Forestas, abbiamo raggiunto questo importante risultato\u00a0\u2013 ha aggiunto l\u2019assessore Satta - E grazie all\u2019introduzione di \u2018quota 100\u2019, vista l'elevata et\u00e0 media dei lavoratori, gi\u00e0 dal 2021 si potr\u00e0 finalmente procedere a nuove assunzioni di giovani, dando vita al turnover tanto atteso\u201d.<\/p>\n<p>\u201cSiamo soddisfatti per la positiva conclusione della trentennale vicenda che ha visto protagonisti i lavoratori precari di Forestas \u2013 hanno sottolineato i due assessori -\u00a0\u00a0Finalmente abbiamo posto la parola fine alle tante preoccupazioni provocate in questi ultimi tempi, soprattutto da dichiarazioni spesso contrastanti ed infondate\u201d.<\/p>\n<p>\u201cOra, la volont\u00e0 della Giunta regionale \u2013 ha evidenziato l'assessore Lampis \u2013 \u00e8 quella di rilanciare il ruolo di Forestas, sia nell\u2019attivit\u00e0 di difesa del territorio che in quella di collaborazione con gli enti locali, avendo l\u2019obiettivo, in tempi brevi, di coinvolgerli nella ridefinizione del ruolo strategico dell'Agenzia, estendendo anche\u00a0i suoi campi di intervento\u201d. Com<\/p>\n","protected":false},"excerpt":{"rendered":"<p>Cagliari, 12 Ott 2019\u00a0\u2013 Dal prossimo anno, i 1.160 lavoratori precari di Forestas avranno il contratto a tempo indeterminato \u2018full time\u2019. Lo hanno annunciato gli&#8230;<\/p>\n","protected":false},"author":2,"featured_media":178954,"comment_status":"closed","ping_status":"closed","sticky":false,"template":"","format":"standard","meta":[],"categories":[49,51,52],"tags":[],"_links":{"self":[{"href":"https:\/\/www.cronacaonline.it\/index.php\/wp-json\/wp\/v2\/posts\/180069"}],"collection":[{"href":"https:\/\/www.cronacaonline.it\/index.php\/wp-json\/wp\/v2\/posts"}],"about":[{"href":"https:\/\/www.cronacaonline.it\/index.php\/wp-json\/wp\/v2\/types\/post"}],"author":[{"embeddable":true,"href":"https:\/\/www.cronacaonline.it\/index.php\/wp-json\/wp\/v2\/users\/2"}],"replies":[{"embeddable":true,"href":"https:\/\/www.cronacaonline.it\/index.php\/wp-json\/wp\/v2\/comments?post=180069"}],"version-history":[{"count":0,"href":"https:\/\/www.cronacaonline.it\/index.php\/wp-json\/wp\/v2\/posts\/180069\/revisions"}],"wp:featuredmedia":[{"embeddable":true,"href":"https:\/\/www.cronacaonline.it\/index.php\/wp-json\/wp\/v2\/media\/178954"}],"wp:attachment":[{"href":"https:\/\/www.cronacaonline.it\/index.php\/wp-json\/wp\/v2\/media?parent=180069"}],"wp:term":[{"taxonomy":"category","embeddable":true,"href":"https:\/\/www.cronacaonline.it\/index.php\/wp-json\/wp\/v2\/categories?post=180069"},{"taxonomy":"post_tag","embeddable":true,"href":"https:\/\/www.cronacaonline.it\/index.php\/wp-json\/wp\/v2\/tags?post=180069"}],"curies":[{"name":"wp","href":"https:\/\/api.w.org\/{rel}","templated":true}]}}