{"id":180064,"date":"2019-10-12T16:26:03","date_gmt":"2019-10-12T14:26:03","guid":{"rendered":"http:\/\/www.cronacaonline.it\/public\/content\/?p=180064"},"modified":"2019-10-12T16:26:03","modified_gmt":"2019-10-12T14:26:03","slug":"industria-assessore-pili-igea-incorpora-fluorite-di-silius-economia-e-razionalita-nella-gestione-delle-partecipate-della-regione-sardegna","status":"publish","type":"post","link":"https:\/\/www.cronacaonline.it\/index.php\/2019\/10\/12\/industria-assessore-pili-igea-incorpora-fluorite-di-silius-economia-e-razionalita-nella-gestione-delle-partecipate-della-regione-sardegna\/","title":{"rendered":"Industria, assessore Pili: Igea incorpora fluorite di Silius, economia e razionalit\u00e0 nella gestione delle partecipate della Regione Sardegna."},"content":{"rendered":"<p>Cagliari 12 Ott 2019\u00a0\u2013 \u00c8 stata realizzata l\u2019operazione di fusione per incorporazione della societ\u00e0 Fluorite di Silius S.p.A. in Igea S.p.A. in esecuzione della delibera con la quale la Giunta regionale ha approvato il piano di revisione straordinaria delle partecipazioni, dirette e indirette, detenute dalla Regione alla data del 23 settembre 2016. Nel documento \u201csi dava mandato alle Direzioni generali degli Assessorati regionali competenti di attuare le misure previste nel piano di revisione straordinaria delle partecipazioni per le societ\u00e0 direttamente partecipate dalla Regione\u201d.<\/p>\n<p>In particolare, per la societ\u00e0 Fluorite di Silius S.p.A. in liquidazione si prevedeva la conclusione della liquidazione entro l\u2019anno 2017 con la fusione per incorporazione in IGEA S.p.A., poi rinviata dalla Giunta entro l\u2019approvazione del bilancio di esercizio chiuso al 31.12.2018 per la necessit\u00e0 di razionalizzare i costi del personale prima dell\u2019operazione.<\/p>\n<p>\u201cIl progetto di fusione per incorporazione\u00a0\u2010\u00a0e pi\u00f9 in generale l\u2019operazione di fusione\u00a0\u2010\u00a0nasce dall\u2019esigenza di procedere, sia alla liquidazione della Fluorite di Silius nel rispetto del piano di riordino delle partecipate regionali, che per garantire il mantenimento in funzione del sito minerario. Attraverso la fusione l\u2019IGEA S.p.A. subentrer\u00e0 dunque a Fluorite di Silius in liquidazione nell\u2019obbligo di conservare la miniera e le sue pertinenze in regime di custodia e mantenimento in sicurezza\u201d, precisa l\u2019assessore dell\u2019Industria Anita Pili.<\/p>\n<p>Ulteriori motivazioni della fusione vanno ricercate nell\u2019 esigenza di concentrare in un\u02b9 unica societ\u00e0 le competenze ad\u00a0oggi\u00a0presenti in tutte e due le societ\u00e0 partecipanti all\u2019 operazione, in quanto attive negli stessi ambiti, favorendo pertanto l\u02b9 accorpamento delle funzioni aziendali amministrative e operative al fine di creare economie di scala nel rispetto dei principi di economicit\u00e0, efficienza ed efficacia ai quali si deve uniformare l\u2019attivit\u00e0, trattandosi di partecipate pubbliche.<\/p>\n<p>La fusione, cos\u00ec come ipotizzata, non presenta alcun aspetto negativo n\u00e9 crea pregiudizio ai soci delle societ\u00e0 interessate poich\u00e9 derivano sostanziali ed importanti benefici economici, amministrativi e finanziari per le societ\u00e0 partecipanti, tra i quali: riduzione dei costi amministrativi, gestionali e organizzativi, attraverso concentrazione delle relative funzioni, semplificazione della struttura aziendale, accentramento dei processi produttivi diretti a valorizzare tutte le attivit\u00e0 patrimoniali dell\u2019incorporata, realizzazione di progetti di miglioramento della logistica e di consolidamento finanziario. Com<\/p>\n","protected":false},"excerpt":{"rendered":"<p>Cagliari 12 Ott 2019\u00a0\u2013 \u00c8 stata realizzata l\u2019operazione di fusione per incorporazione della societ\u00e0 Fluorite di Silius S.p.A. in Igea S.p.A. in esecuzione della delibera&#8230;<\/p>\n","protected":false},"author":2,"featured_media":174523,"comment_status":"closed","ping_status":"closed","sticky":false,"template":"","format":"standard","meta":[],"categories":[49,51,52],"tags":[],"_links":{"self":[{"href":"https:\/\/www.cronacaonline.it\/index.php\/wp-json\/wp\/v2\/posts\/180064"}],"collection":[{"href":"https:\/\/www.cronacaonline.it\/index.php\/wp-json\/wp\/v2\/posts"}],"about":[{"href":"https:\/\/www.cronacaonline.it\/index.php\/wp-json\/wp\/v2\/types\/post"}],"author":[{"embeddable":true,"href":"https:\/\/www.cronacaonline.it\/index.php\/wp-json\/wp\/v2\/users\/2"}],"replies":[{"embeddable":true,"href":"https:\/\/www.cronacaonline.it\/index.php\/wp-json\/wp\/v2\/comments?post=180064"}],"version-history":[{"count":0,"href":"https:\/\/www.cronacaonline.it\/index.php\/wp-json\/wp\/v2\/posts\/180064\/revisions"}],"wp:featuredmedia":[{"embeddable":true,"href":"https:\/\/www.cronacaonline.it\/index.php\/wp-json\/wp\/v2\/media\/174523"}],"wp:attachment":[{"href":"https:\/\/www.cronacaonline.it\/index.php\/wp-json\/wp\/v2\/media?parent=180064"}],"wp:term":[{"taxonomy":"category","embeddable":true,"href":"https:\/\/www.cronacaonline.it\/index.php\/wp-json\/wp\/v2\/categories?post=180064"},{"taxonomy":"post_tag","embeddable":true,"href":"https:\/\/www.cronacaonline.it\/index.php\/wp-json\/wp\/v2\/tags?post=180064"}],"curies":[{"name":"wp","href":"https:\/\/api.w.org\/{rel}","templated":true}]}}